{"id":7925,"date":"2024-04-26T10:26:23","date_gmt":"2024-04-26T10:26:23","guid":{"rendered":"https:\/\/ederagenhelse.no\/ny2026\/?p=7925"},"modified":"2024-04-26T10:26:24","modified_gmt":"2024-04-26T10:26:24","slug":"sannhetsrytter-aeresdoktor-og-rebell-intervju-med-jan-raa-i-gry-hammers-podcast","status":"publish","type":"post","link":"https:\/\/ederagenhelse.no\/ny2026\/sannhetsrytter-aeresdoktor-og-rebell-intervju-med-jan-raa-i-gry-hammers-podcast\/","title":{"rendered":"Sannhetsrytter, \u00e6resdoktor og rebell. Intervju med Jan Raa i Gry Hammers podcast"},"content":{"rendered":"\n<p>V\u00e5r styreformann Jan Raa er stadig p\u00e5 farten og deler av sin brede kunnskap og erfaring fra et langt liv som vitenskapsmann. Denne gangen er han gjest i podcasten til Gry Hammer, som i tillegg til \u00e5 v\u00e6re en kjent og kj\u00e6r blogger og internettpersonlighet, ogs\u00e5 er forfatter og matentusiast med spesiell interesse for et b\u00e6rekraftig liv &#8211; for mennesker, dyr, natur og jorda som helhet.<\/p>\n\n\n\n<p>Dette legger f\u00f8ringer for et interessant intervju, der Jan Raa under tittelen \u00abSannhetsrytter, \u00e6resdoktor og rebell\u00bb kommer inn p\u00e5 en lang rekke temaer som han er opptatt av som vitenskapsmann. Han forteller om mikrobene som v\u00e5re venner og beskyttere, om mettet og umettet fett, betaglukaner, jordstoffer og mye annet. Og han tar seg god tid til \u00e5 forklare hvordan vi er avhengig av de \u00f8kologiske mekanismene i tarmen for \u00e5 holde oss friske. Og som senior vitenskapsmann sjenerer han seg heller ikke for \u00e5 komme med friske fraspark som forklarer hvordan han av og til beskrives som sannhetsrytter og rebell. Selv dem som tror at de har h\u00f8rt det meste f\u00f8r, vil nok enda en gang la seg fascinere n\u00e5r Jan Raa \u00f8ser av sin kunnskap.<\/p>\n\n\n\n<p>Sett av en time og tre kvarter i godstolen for \u00e5 h\u00f8re gullkorn fra \u00e6resdoktorens munn. Du finner Gry Hammers podcast p\u00e5 flere plattformer, som <strong><u><a href=\"https:\/\/open.spotify.com\/episode\/7HuhfZgarrrAxvPUN3xeyO?fbclid=IwZXh0bgNhZW0CMTAAAR3emYIgujwxsOc08l6JCyeSsjtlkhjY1eaIRDLugWHeKcqHwtA0rD1HhUI_aem_AfeaagRDzagpY7YSIfhF2SR0FGaB05uk5fhdp4CL3DTHaYdll3opkb1JlKIsBjds1ZZGmZpJQjp0SOHIEqKg2TAA\">Spotify<\/a><\/u><\/strong>, <strong><u><a href=\"https:\/\/podcasts.apple.com\/no\/podcast\/89-sannhetsrytter-%C3%A6resdoktor-og-rebell-jan-raa\/id1639605975?i=1000653385229\">Apple<\/a><\/u><\/strong> og <a href=\"https:\/\/music.amazon.com\/podcasts\/cca1be76-2846-43b1-babb-817aa740a2ff\/episodes\/44582488-49a5-491a-bc88-61579ea4ab98\/gry-hammer-podcast-89-sannhetsrytter-%C3%A6resdoktor-og-rebell-jan-raa\"><strong><u>Amazo<\/u>n Music<\/strong>.<\/a> Der vil man ogs\u00e5 finne en rabattkode som kan brukes ved kj\u00f8p av EcoGard og EderaGard i v\u00e5r nettbutikk <strong><u><a href=\"https:\/\/ederagenhelse.no\/ny2026\">her<\/a><\/u><\/strong>.<\/p>\n","protected":false},"excerpt":{"rendered":"<p>V\u00e5r styreformann Jan Raa er stadig p\u00e5 farten og deler av sin brede kunnskap og erfaring fra et langt liv som vitenskapsmann. Denne gangen er han gjest i podcasten til Gry Hammer, som i tillegg til \u00e5 v\u00e6re en kjent og kj\u00e6r blogger og internettpersonlighet, ogs\u00e5 er forfatter og matentusiast med spesiell interesse for et [&hellip;]<\/p>\n","protected":false},"author":1,"featured_media":7926,"comment_status":"open","ping_status":"open","sticky":false,"template":"","format":"standard","meta":{"footnotes":""},"categories":[1],"tags":[],"class_list":["post-7925","post","type-post","status-publish","format-standard","has-post-thumbnail","hentry","category-uncategorized-no"],"yoast_head":"<!-- This site is optimized with the Yoast SEO plugin v27.4 - https:\/\/yoast.com\/product\/yoast-seo-wordpress\/ -->\n<title>Sannhetsrytter, \u00e6resdoktor og rebell. Intervju med Jan Raa i Gry Hammers podcast - Ederagen Helse<\/title>\n<meta name=\"robots\" content=\"noindex, follow, max-snippet:-1, max-image-preview:large, max-video-preview:-1\" \/>\n<meta property=\"og:locale\" content=\"nb_NO\" \/>\n<meta property=\"og:type\" content=\"article\" \/>\n<meta property=\"og:title\" content=\"Sannhetsrytter, \u00e6resdoktor og rebell. Intervju med Jan Raa i Gry Hammers podcast - Ederagen Helse\" \/>\n<meta property=\"og:description\" content=\"V\u00e5r styreformann Jan Raa er stadig p\u00e5 farten og deler av sin brede kunnskap og erfaring fra et langt liv som vitenskapsmann. Denne gangen er han gjest i podcasten til Gry Hammer, som i tillegg til \u00e5 v\u00e6re en kjent og kj\u00e6r blogger og internettpersonlighet, ogs\u00e5 er forfatter og matentusiast med spesiell interesse for et [&hellip;]\" \/>\n<meta property=\"og:url\" content=\"https:\/\/ederagenhelse.no\/ny2026\/sannhetsrytter-aeresdoktor-og-rebell-intervju-med-jan-raa-i-gry-hammers-podcast\/\" \/>\n<meta property=\"og:site_name\" content=\"Ederagen Helse\" \/>\n<meta property=\"article:published_time\" content=\"2024-04-26T10:26:23+00:00\" \/>\n<meta property=\"article:modified_time\" content=\"2024-04-26T10:26:24+00:00\" \/>\n<meta property=\"og:image\" content=\"https:\/\/ederagenhelse.no\/ny2026\/wp-content\/uploads\/2024\/04\/438162589_18429807244024621_3466826990766570125_n.jpeg\" \/>\n\t<meta property=\"og:image:width\" content=\"1440\" \/>\n\t<meta property=\"og:image:height\" content=\"1171\" \/>\n\t<meta property=\"og:image:type\" content=\"image\/jpeg\" \/>\n<meta name=\"author\" content=\"EderaGen AS\" \/>\n<meta name=\"twitter:card\" content=\"summary_large_image\" \/>\n<meta name=\"twitter:label1\" content=\"Skrevet av\" \/>\n\t<meta name=\"twitter:data1\" content=\"EderaGen AS\" \/>\n\t<meta name=\"twitter:label2\" content=\"Ansl. lesetid\" \/>\n\t<meta name=\"twitter:data2\" content=\"2 minutter\" \/>\n<script type=\"application\/ld+json\" class=\"yoast-schema-graph\">{\"@context\":\"https:\\\/\\\/schema.org\",\"@graph\":[{\"@type\":\"Article\",\"@id\":\"https:\\\/\\\/ederagenhelse.no\\\/ny2026\\\/sannhetsrytter-aeresdoktor-og-rebell-intervju-med-jan-raa-i-gry-hammers-podcast\\\/#article\",\"isPartOf\":{\"@id\":\"https:\\\/\\\/ederagenhelse.no\\\/ny2026\\\/sannhetsrytter-aeresdoktor-og-rebell-intervju-med-jan-raa-i-gry-hammers-podcast\\\/\"},\"author\":{\"name\":\"EderaGen AS\",\"@id\":\"https:\\\/\\\/ederagenhelse.no\\\/ny2026\\\/#\\\/schema\\\/person\\\/74757d93f8a85a1e181e605a334663fb\"},\"headline\":\"Sannhetsrytter, \u00e6resdoktor og rebell. Intervju med Jan Raa i Gry Hammers podcast\",\"datePublished\":\"2024-04-26T10:26:23+00:00\",\"dateModified\":\"2024-04-26T10:26:24+00:00\",\"mainEntityOfPage\":{\"@id\":\"https:\\\/\\\/ederagenhelse.no\\\/ny2026\\\/sannhetsrytter-aeresdoktor-og-rebell-intervju-med-jan-raa-i-gry-hammers-podcast\\\/\"},\"wordCount\":261,\"commentCount\":0,\"publisher\":{\"@id\":\"https:\\\/\\\/ederagenhelse.no\\\/ny2026\\\/#organization\"},\"image\":{\"@id\":\"https:\\\/\\\/ederagenhelse.no\\\/ny2026\\\/sannhetsrytter-aeresdoktor-og-rebell-intervju-med-jan-raa-i-gry-hammers-podcast\\\/#primaryimage\"},\"thumbnailUrl\":\"https:\\\/\\\/ederagenhelse.no\\\/ny2026\\\/wp-content\\\/uploads\\\/2024\\\/04\\\/438162589_18429807244024621_3466826990766570125_n.jpeg\",\"articleSection\":[\"Uncategorized @no\"],\"inLanguage\":\"nb-NO\",\"potentialAction\":[{\"@type\":\"CommentAction\",\"name\":\"Comment\",\"target\":[\"https:\\\/\\\/ederagenhelse.no\\\/ny2026\\\/sannhetsrytter-aeresdoktor-og-rebell-intervju-med-jan-raa-i-gry-hammers-podcast\\\/#respond\"]}]},{\"@type\":\"WebPage\",\"@id\":\"https:\\\/\\\/ederagenhelse.no\\\/ny2026\\\/sannhetsrytter-aeresdoktor-og-rebell-intervju-med-jan-raa-i-gry-hammers-podcast\\\/\",\"url\":\"https:\\\/\\\/ederagenhelse.no\\\/ny2026\\\/sannhetsrytter-aeresdoktor-og-rebell-intervju-med-jan-raa-i-gry-hammers-podcast\\\/\",\"name\":\"Sannhetsrytter, \u00e6resdoktor og rebell. Intervju med Jan Raa i Gry Hammers podcast - Ederagen Helse\",\"isPartOf\":{\"@id\":\"https:\\\/\\\/ederagenhelse.no\\\/ny2026\\\/#website\"},\"primaryImageOfPage\":{\"@id\":\"https:\\\/\\\/ederagenhelse.no\\\/ny2026\\\/sannhetsrytter-aeresdoktor-og-rebell-intervju-med-jan-raa-i-gry-hammers-podcast\\\/#primaryimage\"},\"image\":{\"@id\":\"https:\\\/\\\/ederagenhelse.no\\\/ny2026\\\/sannhetsrytter-aeresdoktor-og-rebell-intervju-med-jan-raa-i-gry-hammers-podcast\\\/#primaryimage\"},\"thumbnailUrl\":\"https:\\\/\\\/ederagenhelse.no\\\/ny2026\\\/wp-content\\\/uploads\\\/2024\\\/04\\\/438162589_18429807244024621_3466826990766570125_n.jpeg\",\"datePublished\":\"2024-04-26T10:26:23+00:00\",\"dateModified\":\"2024-04-26T10:26:24+00:00\",\"breadcrumb\":{\"@id\":\"https:\\\/\\\/ederagenhelse.no\\\/ny2026\\\/sannhetsrytter-aeresdoktor-og-rebell-intervju-med-jan-raa-i-gry-hammers-podcast\\\/#breadcrumb\"},\"inLanguage\":\"nb-NO\",\"potentialAction\":[{\"@type\":\"ReadAction\",\"target\":[\"https:\\\/\\\/ederagenhelse.no\\\/ny2026\\\/sannhetsrytter-aeresdoktor-og-rebell-intervju-med-jan-raa-i-gry-hammers-podcast\\\/\"]}]},{\"@type\":\"ImageObject\",\"inLanguage\":\"nb-NO\",\"@id\":\"https:\\\/\\\/ederagenhelse.no\\\/ny2026\\\/sannhetsrytter-aeresdoktor-og-rebell-intervju-med-jan-raa-i-gry-hammers-podcast\\\/#primaryimage\",\"url\":\"https:\\\/\\\/ederagenhelse.no\\\/ny2026\\\/wp-content\\\/uploads\\\/2024\\\/04\\\/438162589_18429807244024621_3466826990766570125_n.jpeg\",\"contentUrl\":\"https:\\\/\\\/ederagenhelse.no\\\/ny2026\\\/wp-content\\\/uploads\\\/2024\\\/04\\\/438162589_18429807244024621_3466826990766570125_n.jpeg\",\"width\":1440,\"height\":1171},{\"@type\":\"BreadcrumbList\",\"@id\":\"https:\\\/\\\/ederagenhelse.no\\\/ny2026\\\/sannhetsrytter-aeresdoktor-og-rebell-intervju-med-jan-raa-i-gry-hammers-podcast\\\/#breadcrumb\",\"itemListElement\":[{\"@type\":\"ListItem\",\"position\":1,\"name\":\"Hjem\",\"item\":\"https:\\\/\\\/ederagenhelse.no\\\/ny2026\\\/\"},{\"@type\":\"ListItem\",\"position\":2,\"name\":\"Sannhetsrytter, \u00e6resdoktor og rebell. Intervju med Jan Raa i Gry Hammers podcast\"}]},{\"@type\":\"WebSite\",\"@id\":\"https:\\\/\\\/ederagenhelse.no\\\/ny2026\\\/#website\",\"url\":\"https:\\\/\\\/ederagenhelse.no\\\/ny2026\\\/\",\"name\":\"Ederagen Helse\",\"description\":\"Lidenskapelig opptatt av god helse og godt immunforsvar\",\"publisher\":{\"@id\":\"https:\\\/\\\/ederagenhelse.no\\\/ny2026\\\/#organization\"},\"potentialAction\":[{\"@type\":\"SearchAction\",\"target\":{\"@type\":\"EntryPoint\",\"urlTemplate\":\"https:\\\/\\\/ederagenhelse.no\\\/ny2026\\\/?s={search_term_string}\"},\"query-input\":{\"@type\":\"PropertyValueSpecification\",\"valueRequired\":true,\"valueName\":\"search_term_string\"}}],\"inLanguage\":\"nb-NO\"},{\"@type\":\"Organization\",\"@id\":\"https:\\\/\\\/ederagenhelse.no\\\/ny2026\\\/#organization\",\"name\":\"Ederagen Helse\",\"url\":\"https:\\\/\\\/ederagenhelse.no\\\/ny2026\\\/\",\"logo\":{\"@type\":\"ImageObject\",\"inLanguage\":\"nb-NO\",\"@id\":\"https:\\\/\\\/ederagenhelse.no\\\/ny2026\\\/#\\\/schema\\\/logo\\\/image\\\/\",\"url\":\"https:\\\/\\\/ederagenhelse.no\\\/ny2026\\\/wp-content\\\/uploads\\\/2024\\\/02\\\/logo-hvit-1.png\",\"contentUrl\":\"https:\\\/\\\/ederagenhelse.no\\\/ny2026\\\/wp-content\\\/uploads\\\/2024\\\/02\\\/logo-hvit-1.png\",\"width\":2560,\"height\":418,\"caption\":\"Ederagen Helse \"},\"image\":{\"@id\":\"https:\\\/\\\/ederagenhelse.no\\\/ny2026\\\/#\\\/schema\\\/logo\\\/image\\\/\"}},{\"@type\":\"Person\",\"@id\":\"https:\\\/\\\/ederagenhelse.no\\\/ny2026\\\/#\\\/schema\\\/person\\\/74757d93f8a85a1e181e605a334663fb\",\"name\":\"EderaGen AS\",\"image\":{\"@type\":\"ImageObject\",\"inLanguage\":\"nb-NO\",\"@id\":\"https:\\\/\\\/secure.gravatar.com\\\/avatar\\\/ca1e76409c73cddcce1a64f77a24b5018bd9099155edc8388775e81a32f397a2?s=96&d=mm&r=g\",\"url\":\"https:\\\/\\\/secure.gravatar.com\\\/avatar\\\/ca1e76409c73cddcce1a64f77a24b5018bd9099155edc8388775e81a32f397a2?s=96&d=mm&r=g\",\"contentUrl\":\"https:\\\/\\\/secure.gravatar.com\\\/avatar\\\/ca1e76409c73cddcce1a64f77a24b5018bd9099155edc8388775e81a32f397a2?s=96&d=mm&r=g\",\"caption\":\"EderaGen AS\"},\"sameAs\":[\"https:\\\/\\\/ny.ederagenhelse.no\"],\"url\":\"https:\\\/\\\/ederagenhelse.no\\\/ny2026\\\/author\\\/ederagen-as\\\/\"}]}<\/script>\n<!-- \/ Yoast SEO plugin. -->","yoast_head_json":{"title":"Sannhetsrytter, \u00e6resdoktor og rebell. Intervju med Jan Raa i Gry Hammers podcast - Ederagen Helse","robots":{"index":"noindex","follow":"follow","max-snippet":"max-snippet:-1","max-image-preview":"max-image-preview:large","max-video-preview":"max-video-preview:-1"},"og_locale":"nb_NO","og_type":"article","og_title":"Sannhetsrytter, \u00e6resdoktor og rebell. Intervju med Jan Raa i Gry Hammers podcast - Ederagen Helse","og_description":"V\u00e5r styreformann Jan Raa er stadig p\u00e5 farten og deler av sin brede kunnskap og erfaring fra et langt liv som vitenskapsmann. Denne gangen er han gjest i podcasten til Gry Hammer, som i tillegg til \u00e5 v\u00e6re en kjent og kj\u00e6r blogger og internettpersonlighet, ogs\u00e5 er forfatter og matentusiast med spesiell interesse for et [&hellip;]","og_url":"https:\/\/ederagenhelse.no\/ny2026\/sannhetsrytter-aeresdoktor-og-rebell-intervju-med-jan-raa-i-gry-hammers-podcast\/","og_site_name":"Ederagen Helse","article_published_time":"2024-04-26T10:26:23+00:00","article_modified_time":"2024-04-26T10:26:24+00:00","og_image":[{"width":1440,"height":1171,"url":"https:\/\/ederagenhelse.no\/ny2026\/wp-content\/uploads\/2024\/04\/438162589_18429807244024621_3466826990766570125_n.jpeg","type":"image\/jpeg"}],"author":"EderaGen AS","twitter_card":"summary_large_image","twitter_misc":{"Skrevet av":"EderaGen AS","Ansl. lesetid":"2 minutter"},"schema":{"@context":"https:\/\/schema.org","@graph":[{"@type":"Article","@id":"https:\/\/ederagenhelse.no\/ny2026\/sannhetsrytter-aeresdoktor-og-rebell-intervju-med-jan-raa-i-gry-hammers-podcast\/#article","isPartOf":{"@id":"https:\/\/ederagenhelse.no\/ny2026\/sannhetsrytter-aeresdoktor-og-rebell-intervju-med-jan-raa-i-gry-hammers-podcast\/"},"author":{"name":"EderaGen AS","@id":"https:\/\/ederagenhelse.no\/ny2026\/#\/schema\/person\/74757d93f8a85a1e181e605a334663fb"},"headline":"Sannhetsrytter, \u00e6resdoktor og rebell. Intervju med Jan Raa i Gry Hammers podcast","datePublished":"2024-04-26T10:26:23+00:00","dateModified":"2024-04-26T10:26:24+00:00","mainEntityOfPage":{"@id":"https:\/\/ederagenhelse.no\/ny2026\/sannhetsrytter-aeresdoktor-og-rebell-intervju-med-jan-raa-i-gry-hammers-podcast\/"},"wordCount":261,"commentCount":0,"publisher":{"@id":"https:\/\/ederagenhelse.no\/ny2026\/#organization"},"image":{"@id":"https:\/\/ederagenhelse.no\/ny2026\/sannhetsrytter-aeresdoktor-og-rebell-intervju-med-jan-raa-i-gry-hammers-podcast\/#primaryimage"},"thumbnailUrl":"https:\/\/ederagenhelse.no\/ny2026\/wp-content\/uploads\/2024\/04\/438162589_18429807244024621_3466826990766570125_n.jpeg","articleSection":["Uncategorized @no"],"inLanguage":"nb-NO","potentialAction":[{"@type":"CommentAction","name":"Comment","target":["https:\/\/ederagenhelse.no\/ny2026\/sannhetsrytter-aeresdoktor-og-rebell-intervju-med-jan-raa-i-gry-hammers-podcast\/#respond"]}]},{"@type":"WebPage","@id":"https:\/\/ederagenhelse.no\/ny2026\/sannhetsrytter-aeresdoktor-og-rebell-intervju-med-jan-raa-i-gry-hammers-podcast\/","url":"https:\/\/ederagenhelse.no\/ny2026\/sannhetsrytter-aeresdoktor-og-rebell-intervju-med-jan-raa-i-gry-hammers-podcast\/","name":"Sannhetsrytter, \u00e6resdoktor og rebell. Intervju med Jan Raa i Gry Hammers podcast - Ederagen Helse","isPartOf":{"@id":"https:\/\/ederagenhelse.no\/ny2026\/#website"},"primaryImageOfPage":{"@id":"https:\/\/ederagenhelse.no\/ny2026\/sannhetsrytter-aeresdoktor-og-rebell-intervju-med-jan-raa-i-gry-hammers-podcast\/#primaryimage"},"image":{"@id":"https:\/\/ederagenhelse.no\/ny2026\/sannhetsrytter-aeresdoktor-og-rebell-intervju-med-jan-raa-i-gry-hammers-podcast\/#primaryimage"},"thumbnailUrl":"https:\/\/ederagenhelse.no\/ny2026\/wp-content\/uploads\/2024\/04\/438162589_18429807244024621_3466826990766570125_n.jpeg","datePublished":"2024-04-26T10:26:23+00:00","dateModified":"2024-04-26T10:26:24+00:00","breadcrumb":{"@id":"https:\/\/ederagenhelse.no\/ny2026\/sannhetsrytter-aeresdoktor-og-rebell-intervju-med-jan-raa-i-gry-hammers-podcast\/#breadcrumb"},"inLanguage":"nb-NO","potentialAction":[{"@type":"ReadAction","target":["https:\/\/ederagenhelse.no\/ny2026\/sannhetsrytter-aeresdoktor-og-rebell-intervju-med-jan-raa-i-gry-hammers-podcast\/"]}]},{"@type":"ImageObject","inLanguage":"nb-NO","@id":"https:\/\/ederagenhelse.no\/ny2026\/sannhetsrytter-aeresdoktor-og-rebell-intervju-med-jan-raa-i-gry-hammers-podcast\/#primaryimage","url":"https:\/\/ederagenhelse.no\/ny2026\/wp-content\/uploads\/2024\/04\/438162589_18429807244024621_3466826990766570125_n.jpeg","contentUrl":"https:\/\/ederagenhelse.no\/ny2026\/wp-content\/uploads\/2024\/04\/438162589_18429807244024621_3466826990766570125_n.jpeg","width":1440,"height":1171},{"@type":"BreadcrumbList","@id":"https:\/\/ederagenhelse.no\/ny2026\/sannhetsrytter-aeresdoktor-og-rebell-intervju-med-jan-raa-i-gry-hammers-podcast\/#breadcrumb","itemListElement":[{"@type":"ListItem","position":1,"name":"Hjem","item":"https:\/\/ederagenhelse.no\/ny2026\/"},{"@type":"ListItem","position":2,"name":"Sannhetsrytter, \u00e6resdoktor og rebell. Intervju med Jan Raa i Gry Hammers podcast"}]},{"@type":"WebSite","@id":"https:\/\/ederagenhelse.no\/ny2026\/#website","url":"https:\/\/ederagenhelse.no\/ny2026\/","name":"Ederagen Helse","description":"Lidenskapelig opptatt av god helse og godt immunforsvar","publisher":{"@id":"https:\/\/ederagenhelse.no\/ny2026\/#organization"},"potentialAction":[{"@type":"SearchAction","target":{"@type":"EntryPoint","urlTemplate":"https:\/\/ederagenhelse.no\/ny2026\/?s={search_term_string}"},"query-input":{"@type":"PropertyValueSpecification","valueRequired":true,"valueName":"search_term_string"}}],"inLanguage":"nb-NO"},{"@type":"Organization","@id":"https:\/\/ederagenhelse.no\/ny2026\/#organization","name":"Ederagen Helse","url":"https:\/\/ederagenhelse.no\/ny2026\/","logo":{"@type":"ImageObject","inLanguage":"nb-NO","@id":"https:\/\/ederagenhelse.no\/ny2026\/#\/schema\/logo\/image\/","url":"https:\/\/ederagenhelse.no\/ny2026\/wp-content\/uploads\/2024\/02\/logo-hvit-1.png","contentUrl":"https:\/\/ederagenhelse.no\/ny2026\/wp-content\/uploads\/2024\/02\/logo-hvit-1.png","width":2560,"height":418,"caption":"Ederagen Helse "},"image":{"@id":"https:\/\/ederagenhelse.no\/ny2026\/#\/schema\/logo\/image\/"}},{"@type":"Person","@id":"https:\/\/ederagenhelse.no\/ny2026\/#\/schema\/person\/74757d93f8a85a1e181e605a334663fb","name":"EderaGen AS","image":{"@type":"ImageObject","inLanguage":"nb-NO","@id":"https:\/\/secure.gravatar.com\/avatar\/ca1e76409c73cddcce1a64f77a24b5018bd9099155edc8388775e81a32f397a2?s=96&d=mm&r=g","url":"https:\/\/secure.gravatar.com\/avatar\/ca1e76409c73cddcce1a64f77a24b5018bd9099155edc8388775e81a32f397a2?s=96&d=mm&r=g","contentUrl":"https:\/\/secure.gravatar.com\/avatar\/ca1e76409c73cddcce1a64f77a24b5018bd9099155edc8388775e81a32f397a2?s=96&d=mm&r=g","caption":"EderaGen AS"},"sameAs":["https:\/\/ny.ederagenhelse.no"],"url":"https:\/\/ederagenhelse.no\/ny2026\/author\/ederagen-as\/"}]}},"_links":{"self":[{"href":"https:\/\/ederagenhelse.no\/ny2026\/wp-json\/wp\/v2\/posts\/7925","targetHints":{"allow":["GET"]}}],"collection":[{"href":"https:\/\/ederagenhelse.no\/ny2026\/wp-json\/wp\/v2\/posts"}],"about":[{"href":"https:\/\/ederagenhelse.no\/ny2026\/wp-json\/wp\/v2\/types\/post"}],"author":[{"embeddable":true,"href":"https:\/\/ederagenhelse.no\/ny2026\/wp-json\/wp\/v2\/users\/1"}],"replies":[{"embeddable":true,"href":"https:\/\/ederagenhelse.no\/ny2026\/wp-json\/wp\/v2\/comments?post=7925"}],"version-history":[{"count":1,"href":"https:\/\/ederagenhelse.no\/ny2026\/wp-json\/wp\/v2\/posts\/7925\/revisions"}],"predecessor-version":[{"id":7927,"href":"https:\/\/ederagenhelse.no\/ny2026\/wp-json\/wp\/v2\/posts\/7925\/revisions\/7927"}],"wp:featuredmedia":[{"embeddable":true,"href":"https:\/\/ederagenhelse.no\/ny2026\/wp-json\/wp\/v2\/media\/7926"}],"wp:attachment":[{"href":"https:\/\/ederagenhelse.no\/ny2026\/wp-json\/wp\/v2\/media?parent=7925"}],"wp:term":[{"taxonomy":"category","embeddable":true,"href":"https:\/\/ederagenhelse.no\/ny2026\/wp-json\/wp\/v2\/categories?post=7925"},{"taxonomy":"post_tag","embeddable":true,"href":"https:\/\/ederagenhelse.no\/ny2026\/wp-json\/wp\/v2\/tags?post=7925"}],"curies":[{"name":"wp","href":"https:\/\/api.w.org\/{rel}","templated":true}]}}