{"id":22375,"date":"2026-02-13T10:49:06","date_gmt":"2026-02-13T10:49:06","guid":{"rendered":"https:\/\/ederagenhelse.no\/ny2026\/?p=22375"},"modified":"2026-02-13T10:49:08","modified_gmt":"2026-02-13T10:49:08","slug":"levedyktige-samfunn-basert-pa-okologiens-grunnlover","status":"publish","type":"post","link":"https:\/\/ederagenhelse.no\/ny2026\/levedyktige-samfunn-basert-pa-okologiens-grunnlover\/","title":{"rendered":"Levedyktige samfunn basert p\u00e5 \u00f8kologiens grunnlover"},"content":{"rendered":"\n<p>Helsekonferansen \u00abSammen om Bedre Helse\u00bb ble avholdt i R\u00f8yken i november 2025, og nylig ble foredrag publisert p\u00e5 video og tilgjengelig for enhver. V\u00e5r styreformann, professor <em>emeritus <\/em>Jan Raa, fikk det \u00e6refulle oppdraget \u00e5 holde avslutningsforedraget, som skulle oppsummere og binde det hele sammen. Under overskriften <em>\u00abLevedyktige samfunn basert p\u00e5 \u00f8kologiens grunnlover\u00bb <\/em>var han innom en rekke tema.<\/p>\n\n\n\n<p>Han sammenlikner landbruket f\u00f8r og n\u00e5, og kaster et frittalende og kritisk skr\u00e5blikk p\u00e5 dagens ern\u00e6ringsforskning. Blant annet klinker han til med at det ikke er mangel p\u00e5 forskning, men p\u00e5 vett og forstand. Spesielt kritisk er Jan Raa til at de nye kostholdsr\u00e5dene ikke inneholder et eneste ord om mikrobenes plass i ern\u00e6ringen. Dette belyser han p\u00e5 flere m\u00e5ter, og er innom temaer som inflammasjon i tarmen, dysbiose, lekk tarm, jordtr\u00f8tthet og hvordan intensivt landbruk tar livet av mykorrhiza-soppen i jord, som vi er avhengige av.&nbsp;<\/p>\n\n\n\n<p>Mange tenker ikke over at det er vi mennesker som har tilpasset oss mikrobene under evolusjonen, og ikke omvendt. Vi har lagd allianser med dem. De farlige mikrobene er s\u00e5 ytterst f\u00e5 at de holdes i sjakk i et \u00f8kosystem. N\u00e5r man blir syk, er det en feil strategi \u00e5 drepe alle. Jan Raa drar den treffende parallellen at man dreper ikke alle menneskene p\u00e5 Karl Johan p\u00e5 17. mai for \u00e5 ta livet av \u00e9n morder blant dem.<\/p>\n\n\n\n<p>Etter om lag tre kvarter og utover i foredraget forteller Jan Raa om da han og hans medarbeidere for noen \u00e5r siden utviklet \u00abkunstig jord\u00bb, en oppfinnelse s\u00e5 epokegj\u00f8rende at den n\u00e5 er patentert i Norge, Japan, USA og Canada. Som v\u00e5re kunder vet, er <strong><u><a href=\"https:\/\/ederagenhelse.no\/ny2026\/produkt\/ederagard\/\" target=\"_blank\" rel=\"noreferrer noopener\">EderaGard<\/a><\/u><\/strong> det f\u00f8rste produktet som kom ut av denne oppfinnelsen.<\/p>\n\n\n\n<p>Hele foredraget finnes p\u00e5 YouTube, <strong><u><a href=\"https:\/\/youtu.be\/myysnxjjr_w\" target=\"_blank\" rel=\"noreferrer noopener\">her<\/a><\/u><\/strong>. I foredraget viste Jan Raa ogs\u00e5 til sin egen <a href=\"https:\/\/janraa.no\/\" target=\"_blank\" rel=\"noreferrer noopener\"><strong>blogg<\/strong><\/a>, der han omtaler mange ulike tema som han er opptatt av som vitenskapsmann.<\/p>\n\n\n\n<figure class=\"wp-block-image size-large\"><img fetchpriority=\"high\" decoding=\"async\" width=\"1024\" height=\"740\" src=\"https:\/\/ederagenhelse.no\/ny2026\/wp-content\/uploads\/2026\/02\/Jan-Raa-helsekonferansen-utsnitt100-1024x740.png\" alt=\"\" class=\"wp-image-22377\" srcset=\"https:\/\/ederagenhelse.no\/ny2026\/wp-content\/uploads\/2026\/02\/Jan-Raa-helsekonferansen-utsnitt100-1024x740.png 1024w, https:\/\/ederagenhelse.no\/ny2026\/wp-content\/uploads\/2026\/02\/Jan-Raa-helsekonferansen-utsnitt100-300x217.png 300w, https:\/\/ederagenhelse.no\/ny2026\/wp-content\/uploads\/2026\/02\/Jan-Raa-helsekonferansen-utsnitt100-768x555.png 768w, https:\/\/ederagenhelse.no\/ny2026\/wp-content\/uploads\/2026\/02\/Jan-Raa-helsekonferansen-utsnitt100-600x433.png 600w, https:\/\/ederagenhelse.no\/ny2026\/wp-content\/uploads\/2026\/02\/Jan-Raa-helsekonferansen-utsnitt100.png 1052w\" sizes=\"(max-width: 1024px) 100vw, 1024px\" \/><\/figure>\n","protected":false},"excerpt":{"rendered":"<p>Helsekonferansen \u00abSammen om Bedre Helse\u00bb ble avholdt i R\u00f8yken i november 2025, og nylig ble foredrag publisert p\u00e5 video og tilgjengelig for enhver. V\u00e5r styreformann, professor emeritus Jan Raa, fikk det \u00e6refulle oppdraget \u00e5 holde avslutningsforedraget, som skulle oppsummere og binde det hele sammen. Under overskriften \u00abLevedyktige samfunn basert p\u00e5 \u00f8kologiens grunnlover\u00bb var han innom [&hellip;]<\/p>\n","protected":false},"author":1,"featured_media":22380,"comment_status":"closed","ping_status":"closed","sticky":false,"template":"","format":"standard","meta":{"footnotes":""},"categories":[1],"tags":[],"class_list":["post-22375","post","type-post","status-publish","format-standard","has-post-thumbnail","hentry","category-uncategorized-no"],"yoast_head":"<!-- This site is optimized with the Yoast SEO plugin v27.4 - https:\/\/yoast.com\/product\/yoast-seo-wordpress\/ -->\n<title>Levedyktige samfunn basert p\u00e5 \u00f8kologiens grunnlover - Ederagen Helse<\/title>\n<meta name=\"robots\" content=\"noindex, follow, max-snippet:-1, max-image-preview:large, max-video-preview:-1\" \/>\n<meta property=\"og:locale\" content=\"nb_NO\" \/>\n<meta property=\"og:type\" content=\"article\" \/>\n<meta property=\"og:title\" content=\"Levedyktige samfunn basert p\u00e5 \u00f8kologiens grunnlover - Ederagen Helse\" \/>\n<meta property=\"og:description\" content=\"Helsekonferansen \u00abSammen om Bedre Helse\u00bb ble avholdt i R\u00f8yken i november 2025, og nylig ble foredrag publisert p\u00e5 video og tilgjengelig for enhver. V\u00e5r styreformann, professor emeritus Jan Raa, fikk det \u00e6refulle oppdraget \u00e5 holde avslutningsforedraget, som skulle oppsummere og binde det hele sammen. Under overskriften \u00abLevedyktige samfunn basert p\u00e5 \u00f8kologiens grunnlover\u00bb var han innom [&hellip;]\" \/>\n<meta property=\"og:url\" content=\"https:\/\/ederagenhelse.no\/ny2026\/levedyktige-samfunn-basert-pa-okologiens-grunnlover\/\" \/>\n<meta property=\"og:site_name\" content=\"Ederagen Helse\" \/>\n<meta property=\"article:published_time\" content=\"2026-02-13T10:49:06+00:00\" \/>\n<meta property=\"article:modified_time\" content=\"2026-02-13T10:49:08+00:00\" \/>\n<meta property=\"og:image\" content=\"https:\/\/ederagenhelse.no\/ny2026\/wp-content\/uploads\/2026\/02\/Jan-Raa-pa-Helsekonferansen38.png\" \/>\n\t<meta property=\"og:image:width\" content=\"1536\" \/>\n\t<meta property=\"og:image:height\" content=\"1024\" \/>\n\t<meta property=\"og:image:type\" content=\"image\/png\" \/>\n<meta name=\"author\" content=\"EderaGen AS\" \/>\n<meta name=\"twitter:card\" content=\"summary_large_image\" \/>\n<meta name=\"twitter:label1\" content=\"Skrevet av\" \/>\n\t<meta name=\"twitter:data1\" content=\"EderaGen AS\" \/>\n\t<meta name=\"twitter:label2\" content=\"Ansl. lesetid\" \/>\n\t<meta name=\"twitter:data2\" content=\"2 minutter\" \/>\n<script type=\"application\/ld+json\" class=\"yoast-schema-graph\">{\"@context\":\"https:\\\/\\\/schema.org\",\"@graph\":[{\"@type\":\"Article\",\"@id\":\"https:\\\/\\\/ederagenhelse.no\\\/ny2026\\\/levedyktige-samfunn-basert-pa-okologiens-grunnlover\\\/#article\",\"isPartOf\":{\"@id\":\"https:\\\/\\\/ederagenhelse.no\\\/ny2026\\\/levedyktige-samfunn-basert-pa-okologiens-grunnlover\\\/\"},\"author\":{\"name\":\"EderaGen AS\",\"@id\":\"https:\\\/\\\/ederagenhelse.no\\\/ny2026\\\/#\\\/schema\\\/person\\\/74757d93f8a85a1e181e605a334663fb\"},\"headline\":\"Levedyktige samfunn basert p\u00e5 \u00f8kologiens grunnlover\",\"datePublished\":\"2026-02-13T10:49:06+00:00\",\"dateModified\":\"2026-02-13T10:49:08+00:00\",\"mainEntityOfPage\":{\"@id\":\"https:\\\/\\\/ederagenhelse.no\\\/ny2026\\\/levedyktige-samfunn-basert-pa-okologiens-grunnlover\\\/\"},\"wordCount\":323,\"publisher\":{\"@id\":\"https:\\\/\\\/ederagenhelse.no\\\/ny2026\\\/#organization\"},\"image\":{\"@id\":\"https:\\\/\\\/ederagenhelse.no\\\/ny2026\\\/levedyktige-samfunn-basert-pa-okologiens-grunnlover\\\/#primaryimage\"},\"thumbnailUrl\":\"https:\\\/\\\/ederagenhelse.no\\\/ny2026\\\/wp-content\\\/uploads\\\/2026\\\/02\\\/Jan-Raa-pa-Helsekonferansen38.png\",\"articleSection\":[\"Uncategorized @no\"],\"inLanguage\":\"nb-NO\"},{\"@type\":\"WebPage\",\"@id\":\"https:\\\/\\\/ederagenhelse.no\\\/ny2026\\\/levedyktige-samfunn-basert-pa-okologiens-grunnlover\\\/\",\"url\":\"https:\\\/\\\/ederagenhelse.no\\\/ny2026\\\/levedyktige-samfunn-basert-pa-okologiens-grunnlover\\\/\",\"name\":\"Levedyktige samfunn basert p\u00e5 \u00f8kologiens grunnlover - Ederagen Helse\",\"isPartOf\":{\"@id\":\"https:\\\/\\\/ederagenhelse.no\\\/ny2026\\\/#website\"},\"primaryImageOfPage\":{\"@id\":\"https:\\\/\\\/ederagenhelse.no\\\/ny2026\\\/levedyktige-samfunn-basert-pa-okologiens-grunnlover\\\/#primaryimage\"},\"image\":{\"@id\":\"https:\\\/\\\/ederagenhelse.no\\\/ny2026\\\/levedyktige-samfunn-basert-pa-okologiens-grunnlover\\\/#primaryimage\"},\"thumbnailUrl\":\"https:\\\/\\\/ederagenhelse.no\\\/ny2026\\\/wp-content\\\/uploads\\\/2026\\\/02\\\/Jan-Raa-pa-Helsekonferansen38.png\",\"datePublished\":\"2026-02-13T10:49:06+00:00\",\"dateModified\":\"2026-02-13T10:49:08+00:00\",\"breadcrumb\":{\"@id\":\"https:\\\/\\\/ederagenhelse.no\\\/ny2026\\\/levedyktige-samfunn-basert-pa-okologiens-grunnlover\\\/#breadcrumb\"},\"inLanguage\":\"nb-NO\",\"potentialAction\":[{\"@type\":\"ReadAction\",\"target\":[\"https:\\\/\\\/ederagenhelse.no\\\/ny2026\\\/levedyktige-samfunn-basert-pa-okologiens-grunnlover\\\/\"]}]},{\"@type\":\"ImageObject\",\"inLanguage\":\"nb-NO\",\"@id\":\"https:\\\/\\\/ederagenhelse.no\\\/ny2026\\\/levedyktige-samfunn-basert-pa-okologiens-grunnlover\\\/#primaryimage\",\"url\":\"https:\\\/\\\/ederagenhelse.no\\\/ny2026\\\/wp-content\\\/uploads\\\/2026\\\/02\\\/Jan-Raa-pa-Helsekonferansen38.png\",\"contentUrl\":\"https:\\\/\\\/ederagenhelse.no\\\/ny2026\\\/wp-content\\\/uploads\\\/2026\\\/02\\\/Jan-Raa-pa-Helsekonferansen38.png\",\"width\":1536,\"height\":1024},{\"@type\":\"BreadcrumbList\",\"@id\":\"https:\\\/\\\/ederagenhelse.no\\\/ny2026\\\/levedyktige-samfunn-basert-pa-okologiens-grunnlover\\\/#breadcrumb\",\"itemListElement\":[{\"@type\":\"ListItem\",\"position\":1,\"name\":\"Hjem\",\"item\":\"https:\\\/\\\/ederagenhelse.no\\\/ny2026\\\/\"},{\"@type\":\"ListItem\",\"position\":2,\"name\":\"Levedyktige samfunn basert p\u00e5 \u00f8kologiens grunnlover\"}]},{\"@type\":\"WebSite\",\"@id\":\"https:\\\/\\\/ederagenhelse.no\\\/ny2026\\\/#website\",\"url\":\"https:\\\/\\\/ederagenhelse.no\\\/ny2026\\\/\",\"name\":\"Ederagen Helse\",\"description\":\"Lidenskapelig opptatt av god helse og godt immunforsvar\",\"publisher\":{\"@id\":\"https:\\\/\\\/ederagenhelse.no\\\/ny2026\\\/#organization\"},\"potentialAction\":[{\"@type\":\"SearchAction\",\"target\":{\"@type\":\"EntryPoint\",\"urlTemplate\":\"https:\\\/\\\/ederagenhelse.no\\\/ny2026\\\/?s={search_term_string}\"},\"query-input\":{\"@type\":\"PropertyValueSpecification\",\"valueRequired\":true,\"valueName\":\"search_term_string\"}}],\"inLanguage\":\"nb-NO\"},{\"@type\":\"Organization\",\"@id\":\"https:\\\/\\\/ederagenhelse.no\\\/ny2026\\\/#organization\",\"name\":\"Ederagen Helse\",\"url\":\"https:\\\/\\\/ederagenhelse.no\\\/ny2026\\\/\",\"logo\":{\"@type\":\"ImageObject\",\"inLanguage\":\"nb-NO\",\"@id\":\"https:\\\/\\\/ederagenhelse.no\\\/ny2026\\\/#\\\/schema\\\/logo\\\/image\\\/\",\"url\":\"https:\\\/\\\/ederagenhelse.no\\\/ny2026\\\/wp-content\\\/uploads\\\/2024\\\/02\\\/logo-hvit-1.png\",\"contentUrl\":\"https:\\\/\\\/ederagenhelse.no\\\/ny2026\\\/wp-content\\\/uploads\\\/2024\\\/02\\\/logo-hvit-1.png\",\"width\":2560,\"height\":418,\"caption\":\"Ederagen Helse \"},\"image\":{\"@id\":\"https:\\\/\\\/ederagenhelse.no\\\/ny2026\\\/#\\\/schema\\\/logo\\\/image\\\/\"}},{\"@type\":\"Person\",\"@id\":\"https:\\\/\\\/ederagenhelse.no\\\/ny2026\\\/#\\\/schema\\\/person\\\/74757d93f8a85a1e181e605a334663fb\",\"name\":\"EderaGen AS\",\"image\":{\"@type\":\"ImageObject\",\"inLanguage\":\"nb-NO\",\"@id\":\"https:\\\/\\\/secure.gravatar.com\\\/avatar\\\/ca1e76409c73cddcce1a64f77a24b5018bd9099155edc8388775e81a32f397a2?s=96&d=mm&r=g\",\"url\":\"https:\\\/\\\/secure.gravatar.com\\\/avatar\\\/ca1e76409c73cddcce1a64f77a24b5018bd9099155edc8388775e81a32f397a2?s=96&d=mm&r=g\",\"contentUrl\":\"https:\\\/\\\/secure.gravatar.com\\\/avatar\\\/ca1e76409c73cddcce1a64f77a24b5018bd9099155edc8388775e81a32f397a2?s=96&d=mm&r=g\",\"caption\":\"EderaGen AS\"},\"sameAs\":[\"https:\\\/\\\/ny.ederagenhelse.no\"],\"url\":\"https:\\\/\\\/ederagenhelse.no\\\/ny2026\\\/author\\\/ederagen-as\\\/\"}]}<\/script>\n<!-- \/ Yoast SEO plugin. -->","yoast_head_json":{"title":"Levedyktige samfunn basert p\u00e5 \u00f8kologiens grunnlover - Ederagen Helse","robots":{"index":"noindex","follow":"follow","max-snippet":"max-snippet:-1","max-image-preview":"max-image-preview:large","max-video-preview":"max-video-preview:-1"},"og_locale":"nb_NO","og_type":"article","og_title":"Levedyktige samfunn basert p\u00e5 \u00f8kologiens grunnlover - Ederagen Helse","og_description":"Helsekonferansen \u00abSammen om Bedre Helse\u00bb ble avholdt i R\u00f8yken i november 2025, og nylig ble foredrag publisert p\u00e5 video og tilgjengelig for enhver. V\u00e5r styreformann, professor emeritus Jan Raa, fikk det \u00e6refulle oppdraget \u00e5 holde avslutningsforedraget, som skulle oppsummere og binde det hele sammen. Under overskriften \u00abLevedyktige samfunn basert p\u00e5 \u00f8kologiens grunnlover\u00bb var han innom [&hellip;]","og_url":"https:\/\/ederagenhelse.no\/ny2026\/levedyktige-samfunn-basert-pa-okologiens-grunnlover\/","og_site_name":"Ederagen Helse","article_published_time":"2026-02-13T10:49:06+00:00","article_modified_time":"2026-02-13T10:49:08+00:00","og_image":[{"width":1536,"height":1024,"url":"https:\/\/ederagenhelse.no\/ny2026\/wp-content\/uploads\/2026\/02\/Jan-Raa-pa-Helsekonferansen38.png","type":"image\/png"}],"author":"EderaGen AS","twitter_card":"summary_large_image","twitter_misc":{"Skrevet av":"EderaGen AS","Ansl. lesetid":"2 minutter"},"schema":{"@context":"https:\/\/schema.org","@graph":[{"@type":"Article","@id":"https:\/\/ederagenhelse.no\/ny2026\/levedyktige-samfunn-basert-pa-okologiens-grunnlover\/#article","isPartOf":{"@id":"https:\/\/ederagenhelse.no\/ny2026\/levedyktige-samfunn-basert-pa-okologiens-grunnlover\/"},"author":{"name":"EderaGen AS","@id":"https:\/\/ederagenhelse.no\/ny2026\/#\/schema\/person\/74757d93f8a85a1e181e605a334663fb"},"headline":"Levedyktige samfunn basert p\u00e5 \u00f8kologiens grunnlover","datePublished":"2026-02-13T10:49:06+00:00","dateModified":"2026-02-13T10:49:08+00:00","mainEntityOfPage":{"@id":"https:\/\/ederagenhelse.no\/ny2026\/levedyktige-samfunn-basert-pa-okologiens-grunnlover\/"},"wordCount":323,"publisher":{"@id":"https:\/\/ederagenhelse.no\/ny2026\/#organization"},"image":{"@id":"https:\/\/ederagenhelse.no\/ny2026\/levedyktige-samfunn-basert-pa-okologiens-grunnlover\/#primaryimage"},"thumbnailUrl":"https:\/\/ederagenhelse.no\/ny2026\/wp-content\/uploads\/2026\/02\/Jan-Raa-pa-Helsekonferansen38.png","articleSection":["Uncategorized @no"],"inLanguage":"nb-NO"},{"@type":"WebPage","@id":"https:\/\/ederagenhelse.no\/ny2026\/levedyktige-samfunn-basert-pa-okologiens-grunnlover\/","url":"https:\/\/ederagenhelse.no\/ny2026\/levedyktige-samfunn-basert-pa-okologiens-grunnlover\/","name":"Levedyktige samfunn basert p\u00e5 \u00f8kologiens grunnlover - Ederagen Helse","isPartOf":{"@id":"https:\/\/ederagenhelse.no\/ny2026\/#website"},"primaryImageOfPage":{"@id":"https:\/\/ederagenhelse.no\/ny2026\/levedyktige-samfunn-basert-pa-okologiens-grunnlover\/#primaryimage"},"image":{"@id":"https:\/\/ederagenhelse.no\/ny2026\/levedyktige-samfunn-basert-pa-okologiens-grunnlover\/#primaryimage"},"thumbnailUrl":"https:\/\/ederagenhelse.no\/ny2026\/wp-content\/uploads\/2026\/02\/Jan-Raa-pa-Helsekonferansen38.png","datePublished":"2026-02-13T10:49:06+00:00","dateModified":"2026-02-13T10:49:08+00:00","breadcrumb":{"@id":"https:\/\/ederagenhelse.no\/ny2026\/levedyktige-samfunn-basert-pa-okologiens-grunnlover\/#breadcrumb"},"inLanguage":"nb-NO","potentialAction":[{"@type":"ReadAction","target":["https:\/\/ederagenhelse.no\/ny2026\/levedyktige-samfunn-basert-pa-okologiens-grunnlover\/"]}]},{"@type":"ImageObject","inLanguage":"nb-NO","@id":"https:\/\/ederagenhelse.no\/ny2026\/levedyktige-samfunn-basert-pa-okologiens-grunnlover\/#primaryimage","url":"https:\/\/ederagenhelse.no\/ny2026\/wp-content\/uploads\/2026\/02\/Jan-Raa-pa-Helsekonferansen38.png","contentUrl":"https:\/\/ederagenhelse.no\/ny2026\/wp-content\/uploads\/2026\/02\/Jan-Raa-pa-Helsekonferansen38.png","width":1536,"height":1024},{"@type":"BreadcrumbList","@id":"https:\/\/ederagenhelse.no\/ny2026\/levedyktige-samfunn-basert-pa-okologiens-grunnlover\/#breadcrumb","itemListElement":[{"@type":"ListItem","position":1,"name":"Hjem","item":"https:\/\/ederagenhelse.no\/ny2026\/"},{"@type":"ListItem","position":2,"name":"Levedyktige samfunn basert p\u00e5 \u00f8kologiens grunnlover"}]},{"@type":"WebSite","@id":"https:\/\/ederagenhelse.no\/ny2026\/#website","url":"https:\/\/ederagenhelse.no\/ny2026\/","name":"Ederagen Helse","description":"Lidenskapelig opptatt av god helse og godt immunforsvar","publisher":{"@id":"https:\/\/ederagenhelse.no\/ny2026\/#organization"},"potentialAction":[{"@type":"SearchAction","target":{"@type":"EntryPoint","urlTemplate":"https:\/\/ederagenhelse.no\/ny2026\/?s={search_term_string}"},"query-input":{"@type":"PropertyValueSpecification","valueRequired":true,"valueName":"search_term_string"}}],"inLanguage":"nb-NO"},{"@type":"Organization","@id":"https:\/\/ederagenhelse.no\/ny2026\/#organization","name":"Ederagen Helse","url":"https:\/\/ederagenhelse.no\/ny2026\/","logo":{"@type":"ImageObject","inLanguage":"nb-NO","@id":"https:\/\/ederagenhelse.no\/ny2026\/#\/schema\/logo\/image\/","url":"https:\/\/ederagenhelse.no\/ny2026\/wp-content\/uploads\/2024\/02\/logo-hvit-1.png","contentUrl":"https:\/\/ederagenhelse.no\/ny2026\/wp-content\/uploads\/2024\/02\/logo-hvit-1.png","width":2560,"height":418,"caption":"Ederagen Helse "},"image":{"@id":"https:\/\/ederagenhelse.no\/ny2026\/#\/schema\/logo\/image\/"}},{"@type":"Person","@id":"https:\/\/ederagenhelse.no\/ny2026\/#\/schema\/person\/74757d93f8a85a1e181e605a334663fb","name":"EderaGen AS","image":{"@type":"ImageObject","inLanguage":"nb-NO","@id":"https:\/\/secure.gravatar.com\/avatar\/ca1e76409c73cddcce1a64f77a24b5018bd9099155edc8388775e81a32f397a2?s=96&d=mm&r=g","url":"https:\/\/secure.gravatar.com\/avatar\/ca1e76409c73cddcce1a64f77a24b5018bd9099155edc8388775e81a32f397a2?s=96&d=mm&r=g","contentUrl":"https:\/\/secure.gravatar.com\/avatar\/ca1e76409c73cddcce1a64f77a24b5018bd9099155edc8388775e81a32f397a2?s=96&d=mm&r=g","caption":"EderaGen AS"},"sameAs":["https:\/\/ny.ederagenhelse.no"],"url":"https:\/\/ederagenhelse.no\/ny2026\/author\/ederagen-as\/"}]}},"_links":{"self":[{"href":"https:\/\/ederagenhelse.no\/ny2026\/wp-json\/wp\/v2\/posts\/22375","targetHints":{"allow":["GET"]}}],"collection":[{"href":"https:\/\/ederagenhelse.no\/ny2026\/wp-json\/wp\/v2\/posts"}],"about":[{"href":"https:\/\/ederagenhelse.no\/ny2026\/wp-json\/wp\/v2\/types\/post"}],"author":[{"embeddable":true,"href":"https:\/\/ederagenhelse.no\/ny2026\/wp-json\/wp\/v2\/users\/1"}],"replies":[{"embeddable":true,"href":"https:\/\/ederagenhelse.no\/ny2026\/wp-json\/wp\/v2\/comments?post=22375"}],"version-history":[{"count":1,"href":"https:\/\/ederagenhelse.no\/ny2026\/wp-json\/wp\/v2\/posts\/22375\/revisions"}],"predecessor-version":[{"id":22383,"href":"https:\/\/ederagenhelse.no\/ny2026\/wp-json\/wp\/v2\/posts\/22375\/revisions\/22383"}],"wp:featuredmedia":[{"embeddable":true,"href":"https:\/\/ederagenhelse.no\/ny2026\/wp-json\/wp\/v2\/media\/22380"}],"wp:attachment":[{"href":"https:\/\/ederagenhelse.no\/ny2026\/wp-json\/wp\/v2\/media?parent=22375"}],"wp:term":[{"taxonomy":"category","embeddable":true,"href":"https:\/\/ederagenhelse.no\/ny2026\/wp-json\/wp\/v2\/categories?post=22375"},{"taxonomy":"post_tag","embeddable":true,"href":"https:\/\/ederagenhelse.no\/ny2026\/wp-json\/wp\/v2\/tags?post=22375"}],"curies":[{"name":"wp","href":"https:\/\/api.w.org\/{rel}","templated":true}]}}