{"id":18425,"date":"2025-08-29T09:19:46","date_gmt":"2025-08-29T09:19:46","guid":{"rendered":"https:\/\/ederagenhelse.no\/ny2026\/?p=18425"},"modified":"2025-09-01T09:44:32","modified_gmt":"2025-09-01T09:44:32","slug":"vi-selger-na-ederagard-og-ecogard-til-sverige-og-danmark","status":"publish","type":"post","link":"https:\/\/ederagenhelse.no\/ny2026\/vi-selger-na-ederagard-og-ecogard-til-sverige-og-danmark\/","title":{"rendered":"Vi selger n\u00e5 EderaGard\u00ae og EcoGard\u00ae til Sverige og Danmark"},"content":{"rendered":"\t\t<div data-elementor-type=\"wp-post\" data-elementor-id=\"18425\" class=\"elementor elementor-18425\" data-elementor-post-type=\"post\">\n\t\t\t\t<div class=\"elementor-element elementor-element-52a28e95 e-flex e-con-boxed e-con e-parent\" data-id=\"52a28e95\" data-element_type=\"container\" data-e-type=\"container\">\n\t\t\t\t\t<div class=\"e-con-inner\">\n\t\t\t\t<div class=\"elementor-element elementor-element-510aecb0 elementor-widget elementor-widget-text-editor\" data-id=\"510aecb0\" data-element_type=\"widget\" data-e-type=\"widget\" data-widget_type=\"text-editor.default\">\n\t\t\t\t\t\t\t\t\t<p><\/p>\n<p>Vi har opplevd \u00f8kende interesse for v\u00e5re produkter fra utlandet, og \u00e5pner n\u00e5 for kj\u00f8p av EderaGard<sup>\u00ae<\/sup> og EcoGard<sup>\u00ae<\/sup> fra Sverige og Danmark.<\/p>\n<p><\/p>\n<p><\/p>\n<p>V\u00e5r daglige leder Knut Eirik Andersen sier at dette betyr en firedobling av markedet i forhold til innenlandsk salg, og at selskapet har forventninger til at dette skal utvikle seg fint over tid. \u00ab<em>P\u00e5 samme m\u00e5te som oss, trenger v\u00e5re naboer \u00e5 piffe opp sin medf\u00f8dte immunitet, og da er EcoGard<sup>\u00ae<\/sup> et fantastisk produkt vi har mer enn 30 \u00e5rs erfaring med. Og som den verdensnyheten det er, har vi forventninger til at EderaGard<sup>\u00ae<\/sup> etter hvert skal bli like popul\u00e6rt i Sverige og Danmark som her hjemme. EderaGard<sup>\u00ae<\/sup> erstatter den kontakten med naturen som er g\u00e5tt tapt i moderne samfunn, n\u00e6rmere bestemt den viktige kontakten med jord<\/em>.\u00bb Kunder i Sverige og Danmark bestiller i nettbutikken p\u00e5 samme m\u00e5te som v\u00e5re norske kunder, bortsett fra at de automatisk kommer inn p\u00e5 svensk eller dansk versjon av nettsiden. Produktene postsendes fra Norge<\/p>\n<p><\/p>\n<p><\/p>\n<p><\/p>\t\t\t\t\t\t\t\t<\/div>\n\t\t\t\t\t<\/div>\n\t\t\t\t<\/div>\n\t\t\t\t<\/div>\n\t\t","protected":false},"excerpt":{"rendered":"<p>Vi har opplevd \u00f8kende interesse for v\u00e5re produkter fra utlandet, og \u00e5pner n\u00e5 for kj\u00f8p av EderaGard\u00ae og EcoGard\u00ae fra Sverige og Danmark. V\u00e5r daglige leder Knut Eirik Andersen sier at dette betyr en firedobling av markedet i forhold til innenlandsk salg, og at selskapet har forventninger til at dette skal utvikle seg fint over [&hellip;]<\/p>\n","protected":false},"author":1,"featured_media":17758,"comment_status":"closed","ping_status":"closed","sticky":false,"template":"","format":"standard","meta":{"footnotes":""},"categories":[1],"tags":[],"class_list":["post-18425","post","type-post","status-publish","format-standard","has-post-thumbnail","hentry","category-uncategorized-no"],"yoast_head":"<!-- This site is optimized with the Yoast SEO plugin v27.4 - https:\/\/yoast.com\/product\/yoast-seo-wordpress\/ -->\n<title>Vi selger n\u00e5 EderaGard\u00ae og EcoGard\u00ae til Sverige og Danmark - Ederagen Helse<\/title>\n<meta name=\"robots\" content=\"noindex, follow, max-snippet:-1, max-image-preview:large, max-video-preview:-1\" \/>\n<meta property=\"og:locale\" content=\"nb_NO\" \/>\n<meta property=\"og:type\" content=\"article\" \/>\n<meta property=\"og:title\" content=\"Vi selger n\u00e5 EderaGard\u00ae og EcoGard\u00ae til Sverige og Danmark - Ederagen Helse\" \/>\n<meta property=\"og:description\" content=\"Vi har opplevd \u00f8kende interesse for v\u00e5re produkter fra utlandet, og \u00e5pner n\u00e5 for kj\u00f8p av EderaGard\u00ae og EcoGard\u00ae fra Sverige og Danmark. V\u00e5r daglige leder Knut Eirik Andersen sier at dette betyr en firedobling av markedet i forhold til innenlandsk salg, og at selskapet har forventninger til at dette skal utvikle seg fint over [&hellip;]\" \/>\n<meta property=\"og:url\" content=\"https:\/\/ederagenhelse.no\/ny2026\/vi-selger-na-ederagard-og-ecogard-til-sverige-og-danmark\/\" \/>\n<meta property=\"og:site_name\" content=\"Ederagen Helse\" \/>\n<meta property=\"article:published_time\" content=\"2025-08-29T09:19:46+00:00\" \/>\n<meta property=\"article:modified_time\" content=\"2025-09-01T09:44:32+00:00\" \/>\n<meta property=\"og:image\" content=\"https:\/\/ederagenhelse.no\/ny2026\/wp-content\/uploads\/2025\/07\/Bilde1.jpg\" \/>\n\t<meta property=\"og:image:width\" content=\"974\" \/>\n\t<meta property=\"og:image:height\" content=\"690\" \/>\n\t<meta property=\"og:image:type\" content=\"image\/jpeg\" \/>\n<meta name=\"author\" content=\"EderaGen AS\" \/>\n<meta name=\"twitter:card\" content=\"summary_large_image\" \/>\n<meta name=\"twitter:label1\" content=\"Skrevet av\" \/>\n\t<meta name=\"twitter:data1\" content=\"EderaGen AS\" \/>\n\t<meta name=\"twitter:label2\" content=\"Ansl. lesetid\" \/>\n\t<meta name=\"twitter:data2\" content=\"1 minutt\" \/>\n<script type=\"application\/ld+json\" class=\"yoast-schema-graph\">{\"@context\":\"https:\\\/\\\/schema.org\",\"@graph\":[{\"@type\":\"Article\",\"@id\":\"https:\\\/\\\/ederagenhelse.no\\\/ny2026\\\/vi-selger-na-ederagard-og-ecogard-til-sverige-og-danmark\\\/#article\",\"isPartOf\":{\"@id\":\"https:\\\/\\\/ederagenhelse.no\\\/ny2026\\\/vi-selger-na-ederagard-og-ecogard-til-sverige-og-danmark\\\/\"},\"author\":{\"name\":\"EderaGen AS\",\"@id\":\"https:\\\/\\\/ederagenhelse.no\\\/ny2026\\\/#\\\/schema\\\/person\\\/74757d93f8a85a1e181e605a334663fb\"},\"headline\":\"Vi selger n\u00e5 EderaGard\u00ae og EcoGard\u00ae til Sverige og Danmark\",\"datePublished\":\"2025-08-29T09:19:46+00:00\",\"dateModified\":\"2025-09-01T09:44:32+00:00\",\"mainEntityOfPage\":{\"@id\":\"https:\\\/\\\/ederagenhelse.no\\\/ny2026\\\/vi-selger-na-ederagard-og-ecogard-til-sverige-og-danmark\\\/\"},\"wordCount\":182,\"publisher\":{\"@id\":\"https:\\\/\\\/ederagenhelse.no\\\/ny2026\\\/#organization\"},\"image\":{\"@id\":\"https:\\\/\\\/ederagenhelse.no\\\/ny2026\\\/vi-selger-na-ederagard-og-ecogard-til-sverige-og-danmark\\\/#primaryimage\"},\"thumbnailUrl\":\"https:\\\/\\\/ederagenhelse.no\\\/ny2026\\\/wp-content\\\/uploads\\\/2025\\\/07\\\/Bilde1.jpg\",\"articleSection\":[\"Uncategorized @no\"],\"inLanguage\":\"nb-NO\"},{\"@type\":\"WebPage\",\"@id\":\"https:\\\/\\\/ederagenhelse.no\\\/ny2026\\\/vi-selger-na-ederagard-og-ecogard-til-sverige-og-danmark\\\/\",\"url\":\"https:\\\/\\\/ederagenhelse.no\\\/ny2026\\\/vi-selger-na-ederagard-og-ecogard-til-sverige-og-danmark\\\/\",\"name\":\"Vi selger n\u00e5 EderaGard\u00ae og EcoGard\u00ae til Sverige og Danmark - Ederagen Helse\",\"isPartOf\":{\"@id\":\"https:\\\/\\\/ederagenhelse.no\\\/ny2026\\\/#website\"},\"primaryImageOfPage\":{\"@id\":\"https:\\\/\\\/ederagenhelse.no\\\/ny2026\\\/vi-selger-na-ederagard-og-ecogard-til-sverige-og-danmark\\\/#primaryimage\"},\"image\":{\"@id\":\"https:\\\/\\\/ederagenhelse.no\\\/ny2026\\\/vi-selger-na-ederagard-og-ecogard-til-sverige-og-danmark\\\/#primaryimage\"},\"thumbnailUrl\":\"https:\\\/\\\/ederagenhelse.no\\\/ny2026\\\/wp-content\\\/uploads\\\/2025\\\/07\\\/Bilde1.jpg\",\"datePublished\":\"2025-08-29T09:19:46+00:00\",\"dateModified\":\"2025-09-01T09:44:32+00:00\",\"breadcrumb\":{\"@id\":\"https:\\\/\\\/ederagenhelse.no\\\/ny2026\\\/vi-selger-na-ederagard-og-ecogard-til-sverige-og-danmark\\\/#breadcrumb\"},\"inLanguage\":\"nb-NO\",\"potentialAction\":[{\"@type\":\"ReadAction\",\"target\":[\"https:\\\/\\\/ederagenhelse.no\\\/ny2026\\\/vi-selger-na-ederagard-og-ecogard-til-sverige-og-danmark\\\/\"]}]},{\"@type\":\"ImageObject\",\"inLanguage\":\"nb-NO\",\"@id\":\"https:\\\/\\\/ederagenhelse.no\\\/ny2026\\\/vi-selger-na-ederagard-og-ecogard-til-sverige-og-danmark\\\/#primaryimage\",\"url\":\"https:\\\/\\\/ederagenhelse.no\\\/ny2026\\\/wp-content\\\/uploads\\\/2025\\\/07\\\/Bilde1.jpg\",\"contentUrl\":\"https:\\\/\\\/ederagenhelse.no\\\/ny2026\\\/wp-content\\\/uploads\\\/2025\\\/07\\\/Bilde1.jpg\",\"width\":974,\"height\":690},{\"@type\":\"BreadcrumbList\",\"@id\":\"https:\\\/\\\/ederagenhelse.no\\\/ny2026\\\/vi-selger-na-ederagard-og-ecogard-til-sverige-og-danmark\\\/#breadcrumb\",\"itemListElement\":[{\"@type\":\"ListItem\",\"position\":1,\"name\":\"Hjem\",\"item\":\"https:\\\/\\\/ederagenhelse.no\\\/ny2026\\\/\"},{\"@type\":\"ListItem\",\"position\":2,\"name\":\"Vi selger n\u00e5 EderaGard\u00ae og EcoGard\u00ae til Sverige og Danmark\"}]},{\"@type\":\"WebSite\",\"@id\":\"https:\\\/\\\/ederagenhelse.no\\\/ny2026\\\/#website\",\"url\":\"https:\\\/\\\/ederagenhelse.no\\\/ny2026\\\/\",\"name\":\"Ederagen Helse\",\"description\":\"Lidenskapelig opptatt av god helse og godt immunforsvar\",\"publisher\":{\"@id\":\"https:\\\/\\\/ederagenhelse.no\\\/ny2026\\\/#organization\"},\"potentialAction\":[{\"@type\":\"SearchAction\",\"target\":{\"@type\":\"EntryPoint\",\"urlTemplate\":\"https:\\\/\\\/ederagenhelse.no\\\/ny2026\\\/?s={search_term_string}\"},\"query-input\":{\"@type\":\"PropertyValueSpecification\",\"valueRequired\":true,\"valueName\":\"search_term_string\"}}],\"inLanguage\":\"nb-NO\"},{\"@type\":\"Organization\",\"@id\":\"https:\\\/\\\/ederagenhelse.no\\\/ny2026\\\/#organization\",\"name\":\"Ederagen Helse\",\"url\":\"https:\\\/\\\/ederagenhelse.no\\\/ny2026\\\/\",\"logo\":{\"@type\":\"ImageObject\",\"inLanguage\":\"nb-NO\",\"@id\":\"https:\\\/\\\/ederagenhelse.no\\\/ny2026\\\/#\\\/schema\\\/logo\\\/image\\\/\",\"url\":\"https:\\\/\\\/ederagenhelse.no\\\/ny2026\\\/wp-content\\\/uploads\\\/2024\\\/02\\\/logo-hvit-1.png\",\"contentUrl\":\"https:\\\/\\\/ederagenhelse.no\\\/ny2026\\\/wp-content\\\/uploads\\\/2024\\\/02\\\/logo-hvit-1.png\",\"width\":2560,\"height\":418,\"caption\":\"Ederagen Helse \"},\"image\":{\"@id\":\"https:\\\/\\\/ederagenhelse.no\\\/ny2026\\\/#\\\/schema\\\/logo\\\/image\\\/\"}},{\"@type\":\"Person\",\"@id\":\"https:\\\/\\\/ederagenhelse.no\\\/ny2026\\\/#\\\/schema\\\/person\\\/74757d93f8a85a1e181e605a334663fb\",\"name\":\"EderaGen AS\",\"image\":{\"@type\":\"ImageObject\",\"inLanguage\":\"nb-NO\",\"@id\":\"https:\\\/\\\/secure.gravatar.com\\\/avatar\\\/ca1e76409c73cddcce1a64f77a24b5018bd9099155edc8388775e81a32f397a2?s=96&d=mm&r=g\",\"url\":\"https:\\\/\\\/secure.gravatar.com\\\/avatar\\\/ca1e76409c73cddcce1a64f77a24b5018bd9099155edc8388775e81a32f397a2?s=96&d=mm&r=g\",\"contentUrl\":\"https:\\\/\\\/secure.gravatar.com\\\/avatar\\\/ca1e76409c73cddcce1a64f77a24b5018bd9099155edc8388775e81a32f397a2?s=96&d=mm&r=g\",\"caption\":\"EderaGen AS\"},\"sameAs\":[\"https:\\\/\\\/ny.ederagenhelse.no\"],\"url\":\"https:\\\/\\\/ederagenhelse.no\\\/ny2026\\\/author\\\/ederagen-as\\\/\"}]}<\/script>\n<!-- \/ Yoast SEO plugin. -->","yoast_head_json":{"title":"Vi selger n\u00e5 EderaGard\u00ae og EcoGard\u00ae til Sverige og Danmark - Ederagen Helse","robots":{"index":"noindex","follow":"follow","max-snippet":"max-snippet:-1","max-image-preview":"max-image-preview:large","max-video-preview":"max-video-preview:-1"},"og_locale":"nb_NO","og_type":"article","og_title":"Vi selger n\u00e5 EderaGard\u00ae og EcoGard\u00ae til Sverige og Danmark - Ederagen Helse","og_description":"Vi har opplevd \u00f8kende interesse for v\u00e5re produkter fra utlandet, og \u00e5pner n\u00e5 for kj\u00f8p av EderaGard\u00ae og EcoGard\u00ae fra Sverige og Danmark. V\u00e5r daglige leder Knut Eirik Andersen sier at dette betyr en firedobling av markedet i forhold til innenlandsk salg, og at selskapet har forventninger til at dette skal utvikle seg fint over [&hellip;]","og_url":"https:\/\/ederagenhelse.no\/ny2026\/vi-selger-na-ederagard-og-ecogard-til-sverige-og-danmark\/","og_site_name":"Ederagen Helse","article_published_time":"2025-08-29T09:19:46+00:00","article_modified_time":"2025-09-01T09:44:32+00:00","og_image":[{"width":974,"height":690,"url":"https:\/\/ederagenhelse.no\/ny2026\/wp-content\/uploads\/2025\/07\/Bilde1.jpg","type":"image\/jpeg"}],"author":"EderaGen AS","twitter_card":"summary_large_image","twitter_misc":{"Skrevet av":"EderaGen AS","Ansl. lesetid":"1 minutt"},"schema":{"@context":"https:\/\/schema.org","@graph":[{"@type":"Article","@id":"https:\/\/ederagenhelse.no\/ny2026\/vi-selger-na-ederagard-og-ecogard-til-sverige-og-danmark\/#article","isPartOf":{"@id":"https:\/\/ederagenhelse.no\/ny2026\/vi-selger-na-ederagard-og-ecogard-til-sverige-og-danmark\/"},"author":{"name":"EderaGen AS","@id":"https:\/\/ederagenhelse.no\/ny2026\/#\/schema\/person\/74757d93f8a85a1e181e605a334663fb"},"headline":"Vi selger n\u00e5 EderaGard\u00ae og EcoGard\u00ae til Sverige og Danmark","datePublished":"2025-08-29T09:19:46+00:00","dateModified":"2025-09-01T09:44:32+00:00","mainEntityOfPage":{"@id":"https:\/\/ederagenhelse.no\/ny2026\/vi-selger-na-ederagard-og-ecogard-til-sverige-og-danmark\/"},"wordCount":182,"publisher":{"@id":"https:\/\/ederagenhelse.no\/ny2026\/#organization"},"image":{"@id":"https:\/\/ederagenhelse.no\/ny2026\/vi-selger-na-ederagard-og-ecogard-til-sverige-og-danmark\/#primaryimage"},"thumbnailUrl":"https:\/\/ederagenhelse.no\/ny2026\/wp-content\/uploads\/2025\/07\/Bilde1.jpg","articleSection":["Uncategorized @no"],"inLanguage":"nb-NO"},{"@type":"WebPage","@id":"https:\/\/ederagenhelse.no\/ny2026\/vi-selger-na-ederagard-og-ecogard-til-sverige-og-danmark\/","url":"https:\/\/ederagenhelse.no\/ny2026\/vi-selger-na-ederagard-og-ecogard-til-sverige-og-danmark\/","name":"Vi selger n\u00e5 EderaGard\u00ae og EcoGard\u00ae til Sverige og Danmark - Ederagen Helse","isPartOf":{"@id":"https:\/\/ederagenhelse.no\/ny2026\/#website"},"primaryImageOfPage":{"@id":"https:\/\/ederagenhelse.no\/ny2026\/vi-selger-na-ederagard-og-ecogard-til-sverige-og-danmark\/#primaryimage"},"image":{"@id":"https:\/\/ederagenhelse.no\/ny2026\/vi-selger-na-ederagard-og-ecogard-til-sverige-og-danmark\/#primaryimage"},"thumbnailUrl":"https:\/\/ederagenhelse.no\/ny2026\/wp-content\/uploads\/2025\/07\/Bilde1.jpg","datePublished":"2025-08-29T09:19:46+00:00","dateModified":"2025-09-01T09:44:32+00:00","breadcrumb":{"@id":"https:\/\/ederagenhelse.no\/ny2026\/vi-selger-na-ederagard-og-ecogard-til-sverige-og-danmark\/#breadcrumb"},"inLanguage":"nb-NO","potentialAction":[{"@type":"ReadAction","target":["https:\/\/ederagenhelse.no\/ny2026\/vi-selger-na-ederagard-og-ecogard-til-sverige-og-danmark\/"]}]},{"@type":"ImageObject","inLanguage":"nb-NO","@id":"https:\/\/ederagenhelse.no\/ny2026\/vi-selger-na-ederagard-og-ecogard-til-sverige-og-danmark\/#primaryimage","url":"https:\/\/ederagenhelse.no\/ny2026\/wp-content\/uploads\/2025\/07\/Bilde1.jpg","contentUrl":"https:\/\/ederagenhelse.no\/ny2026\/wp-content\/uploads\/2025\/07\/Bilde1.jpg","width":974,"height":690},{"@type":"BreadcrumbList","@id":"https:\/\/ederagenhelse.no\/ny2026\/vi-selger-na-ederagard-og-ecogard-til-sverige-og-danmark\/#breadcrumb","itemListElement":[{"@type":"ListItem","position":1,"name":"Hjem","item":"https:\/\/ederagenhelse.no\/ny2026\/"},{"@type":"ListItem","position":2,"name":"Vi selger n\u00e5 EderaGard\u00ae og EcoGard\u00ae til Sverige og Danmark"}]},{"@type":"WebSite","@id":"https:\/\/ederagenhelse.no\/ny2026\/#website","url":"https:\/\/ederagenhelse.no\/ny2026\/","name":"Ederagen Helse","description":"Lidenskapelig opptatt av god helse og godt immunforsvar","publisher":{"@id":"https:\/\/ederagenhelse.no\/ny2026\/#organization"},"potentialAction":[{"@type":"SearchAction","target":{"@type":"EntryPoint","urlTemplate":"https:\/\/ederagenhelse.no\/ny2026\/?s={search_term_string}"},"query-input":{"@type":"PropertyValueSpecification","valueRequired":true,"valueName":"search_term_string"}}],"inLanguage":"nb-NO"},{"@type":"Organization","@id":"https:\/\/ederagenhelse.no\/ny2026\/#organization","name":"Ederagen Helse","url":"https:\/\/ederagenhelse.no\/ny2026\/","logo":{"@type":"ImageObject","inLanguage":"nb-NO","@id":"https:\/\/ederagenhelse.no\/ny2026\/#\/schema\/logo\/image\/","url":"https:\/\/ederagenhelse.no\/ny2026\/wp-content\/uploads\/2024\/02\/logo-hvit-1.png","contentUrl":"https:\/\/ederagenhelse.no\/ny2026\/wp-content\/uploads\/2024\/02\/logo-hvit-1.png","width":2560,"height":418,"caption":"Ederagen Helse "},"image":{"@id":"https:\/\/ederagenhelse.no\/ny2026\/#\/schema\/logo\/image\/"}},{"@type":"Person","@id":"https:\/\/ederagenhelse.no\/ny2026\/#\/schema\/person\/74757d93f8a85a1e181e605a334663fb","name":"EderaGen AS","image":{"@type":"ImageObject","inLanguage":"nb-NO","@id":"https:\/\/secure.gravatar.com\/avatar\/ca1e76409c73cddcce1a64f77a24b5018bd9099155edc8388775e81a32f397a2?s=96&d=mm&r=g","url":"https:\/\/secure.gravatar.com\/avatar\/ca1e76409c73cddcce1a64f77a24b5018bd9099155edc8388775e81a32f397a2?s=96&d=mm&r=g","contentUrl":"https:\/\/secure.gravatar.com\/avatar\/ca1e76409c73cddcce1a64f77a24b5018bd9099155edc8388775e81a32f397a2?s=96&d=mm&r=g","caption":"EderaGen AS"},"sameAs":["https:\/\/ny.ederagenhelse.no"],"url":"https:\/\/ederagenhelse.no\/ny2026\/author\/ederagen-as\/"}]}},"_links":{"self":[{"href":"https:\/\/ederagenhelse.no\/ny2026\/wp-json\/wp\/v2\/posts\/18425","targetHints":{"allow":["GET"]}}],"collection":[{"href":"https:\/\/ederagenhelse.no\/ny2026\/wp-json\/wp\/v2\/posts"}],"about":[{"href":"https:\/\/ederagenhelse.no\/ny2026\/wp-json\/wp\/v2\/types\/post"}],"author":[{"embeddable":true,"href":"https:\/\/ederagenhelse.no\/ny2026\/wp-json\/wp\/v2\/users\/1"}],"replies":[{"embeddable":true,"href":"https:\/\/ederagenhelse.no\/ny2026\/wp-json\/wp\/v2\/comments?post=18425"}],"version-history":[{"count":8,"href":"https:\/\/ederagenhelse.no\/ny2026\/wp-json\/wp\/v2\/posts\/18425\/revisions"}],"predecessor-version":[{"id":18960,"href":"https:\/\/ederagenhelse.no\/ny2026\/wp-json\/wp\/v2\/posts\/18425\/revisions\/18960"}],"wp:featuredmedia":[{"embeddable":true,"href":"https:\/\/ederagenhelse.no\/ny2026\/wp-json\/wp\/v2\/media\/17758"}],"wp:attachment":[{"href":"https:\/\/ederagenhelse.no\/ny2026\/wp-json\/wp\/v2\/media?parent=18425"}],"wp:term":[{"taxonomy":"category","embeddable":true,"href":"https:\/\/ederagenhelse.no\/ny2026\/wp-json\/wp\/v2\/categories?post=18425"},{"taxonomy":"post_tag","embeddable":true,"href":"https:\/\/ederagenhelse.no\/ny2026\/wp-json\/wp\/v2\/tags?post=18425"}],"curies":[{"name":"wp","href":"https:\/\/api.w.org\/{rel}","templated":true}]}}