{"id":20900,"date":"2025-11-26T12:47:01","date_gmt":"2025-11-26T12:47:01","guid":{"rendered":"https:\/\/ederagenhelse.no\/ny2026\/ge-oss-idag-var-dagliga-mikrob-jan-raa-ar-gast-i-podcasten-leger-om-livet\/"},"modified":"2025-11-26T12:47:18","modified_gmt":"2025-11-26T12:47:18","slug":"ge-oss-idag-var-dagliga-mikrob-jan-raa-ar-gast-i-podcasten-leger-om-livet","status":"publish","type":"post","link":"https:\/\/ederagenhelse.no\/ny2026\/sv\/ge-oss-idag-var-dagliga-mikrob-jan-raa-ar-gast-i-podcasten-leger-om-livet\/","title":{"rendered":"&#8221;Ge oss idag v\u00e5r dagliga mikrob&#8221;. Jan Raa \u00e4r g\u00e4st i podcasten Leger om livet."},"content":{"rendered":"\n<p>\u00c5terigen \u00e4r v\u00e5r ordf\u00f6rande Jan Raa g\u00e4st i Annette Draglands mycket popul\u00e4ra podcast Leger om livet. Han delar med sig av sina tankar kring utvecklingen av jordbruket och livsmedelsproduktionen som han personligen har upplevt den sedan kriget och fram till idag. H\u00e4r finns mycket att l\u00e4ra om hur f\u00f6r\u00e4ndringar i naturen och produktionsmetoder p\u00e5verkar b\u00e5de milj\u00f6 och h\u00e4lsa. Bland annat avlivar han myten om att vi lever mycket l\u00e4ngre idag \u00e4n n\u00e4r allt var mer i harmoni med naturen och p\u00e5pekar att vi ist\u00e4llet har en uppsj\u00f6 av livsstilssjukdomar som knappt existerade f\u00f6r hundra \u00e5r sedan.   <\/p>\n\n<p>Jan f\u00f6rklarar varf\u00f6r fenomen som jordtr\u00f6tthet kan likna dysbios (obalans i tarmen) hos m\u00e4nniskor, och hur milj\u00f6f\u00f6r\u00e4ndringar kan kopplas till \u00f6kningen av moderna sjukdomar som allergier och astma. Vi f\u00e5r l\u00e4ra oss mer om ekologi, markf\u00f6rbr\u00e4nning och n\u00e5got helt nytt: fytoalexiner. Metaninhibitorn Bovaer f\u00e5r ocks\u00e5 ett brett genomslag.  <\/p>\n\n<p>Tankev\u00e4ckande p\u00e5st\u00e5enden som &#8221;Kan v\u00e4xter vaccineras?&#8221; och &#8221;Ge oss v\u00e5r dagliga mikrob idag&#8221; f\u00e5r oss s\u00e5 sm\u00e5ningom att inse att jorden p\u00e5verkar tarmfloran hos f\u00e5glar, fiskar och andra djur &#8211; och oss sj\u00e4lva. Har du till exempel t\u00e4nkt p\u00e5 att b\u00e5de kycklingar och \u00f6ringar f\u00f6redrar att l\u00e4gga sina \u00e4gg i ett h\u00e5l i marken om de f\u00e5r m\u00f6jlighet till det? Ett budskap \u00e4r att vi kan l\u00e4ra oss mycket av tidigare tiders kunskap \u00e4ven i v\u00e5ra moderna liv.  <\/p>\n\n<p>Livsstilssjukdomar \u00f6ver hela v\u00e4rlden k\u00e4nnetecknas av att de bakterier i tjocktarmen som inte t\u00e5l syre (anaerober) f\u00f6rsvinner, medan de som t\u00e5l syre helt tar \u00f6ver. M\u00e4nniskor, djur och fiskar \u00e4r alla beroende av kontakt med jorden. N\u00e4r denna kontakt g\u00e5r f\u00f6rlorad i v\u00e5ra moderna samh\u00e4llen m\u00e5ste den ers\u00e4ttas. Mot slutet utvecklar Jan Raa sambandet mellan tarmfloran och utvecklingen av cancer. &#8221;Det visar sig att de som har kvar vissa anaeroba bakterier i tarmen \u00f6verlever mycket l\u00e4ngre \u00e4n de som inte har det.    <\/p>\n\n<p>F\u00f6r att bara n\u00e4mna en del av detta fascinerande samtal med l\u00e4karen Annette Dragland, som du kan lyssna p\u00e5 p\u00e5 <strong><a href=\"https:\/\/open.spotify.com\/episode\/5BXgWFSdGkY451LVJ7vfQy\" target=\"_blank\" rel=\"noreferrer noopener\">Spotify<\/a><\/strong>, <strong><a href=\"https:\/\/feeds.acast.com\/public\/shows\/5f883c4673174a1b3a21b64b\" target=\"_blank\" rel=\"noreferrer noopener\">Acast<\/a><\/strong> (avsnitt #229) eller <a href=\"https:\/\/podcasts.apple.com\/no\/podcast\/229-bovaer-metanhemmere-eksperimentering-spr%C3%B8ytemidler\/id1539212619?i=1000737186275\"><strong>Apple<\/strong><\/a>. Du kan hitta v\u00e5r jordprodukt EderaGard <a href=\"https:\/\/ederagenhelse.no\/ny2026\/sv\/produkt\/ederagard\/\"><strong>h\u00e4r<\/strong><\/a>. <\/p>\n\n<p><\/p>\n","protected":false},"excerpt":{"rendered":"<p>\u00c5terigen \u00e4r v\u00e5r ordf\u00f6rande Jan Raa g\u00e4st i Annette Draglands mycket popul\u00e4ra podcast Leger om livet. Han delar med sig av sina tankar kring utvecklingen av jordbruket och livsmedelsproduktionen som han personligen har upplevt den sedan kriget och fram till idag. H\u00e4r finns mycket att l\u00e4ra om hur f\u00f6r\u00e4ndringar i naturen och produktionsmetoder p\u00e5verkar b\u00e5de [&hellip;]<\/p>\n","protected":false},"author":1,"featured_media":20894,"comment_status":"closed","ping_status":"closed","sticky":false,"template":"","format":"standard","meta":{"footnotes":""},"categories":[28],"tags":[],"class_list":["post-20900","post","type-post","status-publish","format-standard","has-post-thumbnail","hentry","category-okategoriserad"],"yoast_head":"<!-- This site is optimized with the Yoast SEO plugin v27.4 - https:\/\/yoast.com\/product\/yoast-seo-wordpress\/ -->\n<title>&quot;Ge oss idag v\u00e5r dagliga mikrob&quot;. Jan Raa \u00e4r g\u00e4st i podcasten Leger om livet. - Ederagen Helse<\/title>\n<meta name=\"robots\" content=\"noindex, follow, max-snippet:-1, max-image-preview:large, max-video-preview:-1\" \/>\n<meta property=\"og:locale\" content=\"sv_SE\" \/>\n<meta property=\"og:type\" content=\"article\" \/>\n<meta property=\"og:title\" content=\"&quot;Ge oss idag v\u00e5r dagliga mikrob&quot;. Jan Raa \u00e4r g\u00e4st i podcasten Leger om livet. - Ederagen Helse\" \/>\n<meta property=\"og:description\" content=\"\u00c5terigen \u00e4r v\u00e5r ordf\u00f6rande Jan Raa g\u00e4st i Annette Draglands mycket popul\u00e4ra podcast Leger om livet. Han delar med sig av sina tankar kring utvecklingen av jordbruket och livsmedelsproduktionen som han personligen har upplevt den sedan kriget och fram till idag. H\u00e4r finns mycket att l\u00e4ra om hur f\u00f6r\u00e4ndringar i naturen och produktionsmetoder p\u00e5verkar b\u00e5de [&hellip;]\" \/>\n<meta property=\"og:url\" content=\"https:\/\/ederagenhelse.no\/ny2026\/sv\/ge-oss-idag-var-dagliga-mikrob-jan-raa-ar-gast-i-podcasten-leger-om-livet\/\" \/>\n<meta property=\"og:site_name\" content=\"Ederagen Helse\" \/>\n<meta property=\"article:published_time\" content=\"2025-11-26T12:47:01+00:00\" \/>\n<meta property=\"article:modified_time\" content=\"2025-11-26T12:47:18+00:00\" \/>\n<meta property=\"og:image\" content=\"https:\/\/ederagenhelse.no\/ny2026\/wp-content\/uploads\/2025\/11\/Annette-Dragland.jpg\" \/>\n\t<meta property=\"og:image:width\" content=\"550\" \/>\n\t<meta property=\"og:image:height\" content=\"538\" \/>\n\t<meta property=\"og:image:type\" content=\"image\/jpeg\" \/>\n<meta name=\"author\" content=\"EderaGen AS\" \/>\n<meta name=\"twitter:card\" content=\"summary_large_image\" \/>\n<meta name=\"twitter:label1\" content=\"Skriven av\" \/>\n\t<meta name=\"twitter:data1\" content=\"EderaGen AS\" \/>\n\t<meta name=\"twitter:label2\" content=\"Ber\u00e4knad l\u00e4stid\" \/>\n\t<meta name=\"twitter:data2\" content=\"2 minuter\" \/>\n<script type=\"application\/ld+json\" class=\"yoast-schema-graph\">{\"@context\":\"https:\\\/\\\/schema.org\",\"@graph\":[{\"@type\":\"Article\",\"@id\":\"https:\\\/\\\/ederagenhelse.no\\\/ny2026\\\/sv\\\/ge-oss-idag-var-dagliga-mikrob-jan-raa-ar-gast-i-podcasten-leger-om-livet\\\/#article\",\"isPartOf\":{\"@id\":\"https:\\\/\\\/ederagenhelse.no\\\/ny2026\\\/sv\\\/ge-oss-idag-var-dagliga-mikrob-jan-raa-ar-gast-i-podcasten-leger-om-livet\\\/\"},\"author\":{\"name\":\"EderaGen AS\",\"@id\":\"https:\\\/\\\/ederagenhelse.no\\\/ny2026\\\/#\\\/schema\\\/person\\\/74757d93f8a85a1e181e605a334663fb\"},\"headline\":\"&#8221;Ge oss idag v\u00e5r dagliga mikrob&#8221;. Jan Raa \u00e4r g\u00e4st i podcasten Leger om livet.\",\"datePublished\":\"2025-11-26T12:47:01+00:00\",\"dateModified\":\"2025-11-26T12:47:18+00:00\",\"mainEntityOfPage\":{\"@id\":\"https:\\\/\\\/ederagenhelse.no\\\/ny2026\\\/sv\\\/ge-oss-idag-var-dagliga-mikrob-jan-raa-ar-gast-i-podcasten-leger-om-livet\\\/\"},\"wordCount\":420,\"publisher\":{\"@id\":\"https:\\\/\\\/ederagenhelse.no\\\/ny2026\\\/#organization\"},\"image\":{\"@id\":\"https:\\\/\\\/ederagenhelse.no\\\/ny2026\\\/sv\\\/ge-oss-idag-var-dagliga-mikrob-jan-raa-ar-gast-i-podcasten-leger-om-livet\\\/#primaryimage\"},\"thumbnailUrl\":\"https:\\\/\\\/ederagenhelse.no\\\/ny2026\\\/wp-content\\\/uploads\\\/2025\\\/11\\\/Annette-Dragland.jpg\",\"articleSection\":[\"Okategoriserad\"],\"inLanguage\":\"sv-SE\"},{\"@type\":\"WebPage\",\"@id\":\"https:\\\/\\\/ederagenhelse.no\\\/ny2026\\\/sv\\\/ge-oss-idag-var-dagliga-mikrob-jan-raa-ar-gast-i-podcasten-leger-om-livet\\\/\",\"url\":\"https:\\\/\\\/ederagenhelse.no\\\/ny2026\\\/sv\\\/ge-oss-idag-var-dagliga-mikrob-jan-raa-ar-gast-i-podcasten-leger-om-livet\\\/\",\"name\":\"\\\"Ge oss idag v\u00e5r dagliga mikrob\\\". Jan Raa \u00e4r g\u00e4st i podcasten Leger om livet. - Ederagen Helse\",\"isPartOf\":{\"@id\":\"https:\\\/\\\/ederagenhelse.no\\\/ny2026\\\/#website\"},\"primaryImageOfPage\":{\"@id\":\"https:\\\/\\\/ederagenhelse.no\\\/ny2026\\\/sv\\\/ge-oss-idag-var-dagliga-mikrob-jan-raa-ar-gast-i-podcasten-leger-om-livet\\\/#primaryimage\"},\"image\":{\"@id\":\"https:\\\/\\\/ederagenhelse.no\\\/ny2026\\\/sv\\\/ge-oss-idag-var-dagliga-mikrob-jan-raa-ar-gast-i-podcasten-leger-om-livet\\\/#primaryimage\"},\"thumbnailUrl\":\"https:\\\/\\\/ederagenhelse.no\\\/ny2026\\\/wp-content\\\/uploads\\\/2025\\\/11\\\/Annette-Dragland.jpg\",\"datePublished\":\"2025-11-26T12:47:01+00:00\",\"dateModified\":\"2025-11-26T12:47:18+00:00\",\"breadcrumb\":{\"@id\":\"https:\\\/\\\/ederagenhelse.no\\\/ny2026\\\/sv\\\/ge-oss-idag-var-dagliga-mikrob-jan-raa-ar-gast-i-podcasten-leger-om-livet\\\/#breadcrumb\"},\"inLanguage\":\"sv-SE\",\"potentialAction\":[{\"@type\":\"ReadAction\",\"target\":[\"https:\\\/\\\/ederagenhelse.no\\\/ny2026\\\/sv\\\/ge-oss-idag-var-dagliga-mikrob-jan-raa-ar-gast-i-podcasten-leger-om-livet\\\/\"]}]},{\"@type\":\"ImageObject\",\"inLanguage\":\"sv-SE\",\"@id\":\"https:\\\/\\\/ederagenhelse.no\\\/ny2026\\\/sv\\\/ge-oss-idag-var-dagliga-mikrob-jan-raa-ar-gast-i-podcasten-leger-om-livet\\\/#primaryimage\",\"url\":\"https:\\\/\\\/ederagenhelse.no\\\/ny2026\\\/wp-content\\\/uploads\\\/2025\\\/11\\\/Annette-Dragland.jpg\",\"contentUrl\":\"https:\\\/\\\/ederagenhelse.no\\\/ny2026\\\/wp-content\\\/uploads\\\/2025\\\/11\\\/Annette-Dragland.jpg\",\"width\":550,\"height\":538},{\"@type\":\"BreadcrumbList\",\"@id\":\"https:\\\/\\\/ederagenhelse.no\\\/ny2026\\\/sv\\\/ge-oss-idag-var-dagliga-mikrob-jan-raa-ar-gast-i-podcasten-leger-om-livet\\\/#breadcrumb\",\"itemListElement\":[{\"@type\":\"ListItem\",\"position\":1,\"name\":\"Hjem\",\"item\":\"https:\\\/\\\/ederagenhelse.no\\\/ny2026\\\/sv\\\/\"},{\"@type\":\"ListItem\",\"position\":2,\"name\":\"&#8220;Ge oss idag v\u00e5r dagliga mikrob&#8221;. Jan Raa \u00e4r g\u00e4st i podcasten Leger om livet.\"}]},{\"@type\":\"WebSite\",\"@id\":\"https:\\\/\\\/ederagenhelse.no\\\/ny2026\\\/#website\",\"url\":\"https:\\\/\\\/ederagenhelse.no\\\/ny2026\\\/\",\"name\":\"Ederagen Helse\",\"description\":\"Lidenskapelig opptatt av god helse og godt immunforsvar\",\"publisher\":{\"@id\":\"https:\\\/\\\/ederagenhelse.no\\\/ny2026\\\/#organization\"},\"potentialAction\":[{\"@type\":\"SearchAction\",\"target\":{\"@type\":\"EntryPoint\",\"urlTemplate\":\"https:\\\/\\\/ederagenhelse.no\\\/ny2026\\\/?s={search_term_string}\"},\"query-input\":{\"@type\":\"PropertyValueSpecification\",\"valueRequired\":true,\"valueName\":\"search_term_string\"}}],\"inLanguage\":\"sv-SE\"},{\"@type\":\"Organization\",\"@id\":\"https:\\\/\\\/ederagenhelse.no\\\/ny2026\\\/#organization\",\"name\":\"Ederagen Helse\",\"url\":\"https:\\\/\\\/ederagenhelse.no\\\/ny2026\\\/\",\"logo\":{\"@type\":\"ImageObject\",\"inLanguage\":\"sv-SE\",\"@id\":\"https:\\\/\\\/ederagenhelse.no\\\/ny2026\\\/#\\\/schema\\\/logo\\\/image\\\/\",\"url\":\"https:\\\/\\\/ederagenhelse.no\\\/ny2026\\\/wp-content\\\/uploads\\\/2024\\\/02\\\/logo-hvit-1.png\",\"contentUrl\":\"https:\\\/\\\/ederagenhelse.no\\\/ny2026\\\/wp-content\\\/uploads\\\/2024\\\/02\\\/logo-hvit-1.png\",\"width\":2560,\"height\":418,\"caption\":\"Ederagen Helse \"},\"image\":{\"@id\":\"https:\\\/\\\/ederagenhelse.no\\\/ny2026\\\/#\\\/schema\\\/logo\\\/image\\\/\"}},{\"@type\":\"Person\",\"@id\":\"https:\\\/\\\/ederagenhelse.no\\\/ny2026\\\/#\\\/schema\\\/person\\\/74757d93f8a85a1e181e605a334663fb\",\"name\":\"EderaGen AS\",\"image\":{\"@type\":\"ImageObject\",\"inLanguage\":\"sv-SE\",\"@id\":\"https:\\\/\\\/secure.gravatar.com\\\/avatar\\\/ca1e76409c73cddcce1a64f77a24b5018bd9099155edc8388775e81a32f397a2?s=96&d=mm&r=g\",\"url\":\"https:\\\/\\\/secure.gravatar.com\\\/avatar\\\/ca1e76409c73cddcce1a64f77a24b5018bd9099155edc8388775e81a32f397a2?s=96&d=mm&r=g\",\"contentUrl\":\"https:\\\/\\\/secure.gravatar.com\\\/avatar\\\/ca1e76409c73cddcce1a64f77a24b5018bd9099155edc8388775e81a32f397a2?s=96&d=mm&r=g\",\"caption\":\"EderaGen AS\"},\"sameAs\":[\"https:\\\/\\\/ny.ederagenhelse.no\"],\"url\":\"https:\\\/\\\/ederagenhelse.no\\\/ny2026\\\/sv\\\/author\\\/ederagen-as\\\/\"}]}<\/script>\n<!-- \/ Yoast SEO plugin. -->","yoast_head_json":{"title":"\"Ge oss idag v\u00e5r dagliga mikrob\". Jan Raa \u00e4r g\u00e4st i podcasten Leger om livet. - Ederagen Helse","robots":{"index":"noindex","follow":"follow","max-snippet":"max-snippet:-1","max-image-preview":"max-image-preview:large","max-video-preview":"max-video-preview:-1"},"og_locale":"sv_SE","og_type":"article","og_title":"\"Ge oss idag v\u00e5r dagliga mikrob\". Jan Raa \u00e4r g\u00e4st i podcasten Leger om livet. - Ederagen Helse","og_description":"\u00c5terigen \u00e4r v\u00e5r ordf\u00f6rande Jan Raa g\u00e4st i Annette Draglands mycket popul\u00e4ra podcast Leger om livet. Han delar med sig av sina tankar kring utvecklingen av jordbruket och livsmedelsproduktionen som han personligen har upplevt den sedan kriget och fram till idag. H\u00e4r finns mycket att l\u00e4ra om hur f\u00f6r\u00e4ndringar i naturen och produktionsmetoder p\u00e5verkar b\u00e5de [&hellip;]","og_url":"https:\/\/ederagenhelse.no\/ny2026\/sv\/ge-oss-idag-var-dagliga-mikrob-jan-raa-ar-gast-i-podcasten-leger-om-livet\/","og_site_name":"Ederagen Helse","article_published_time":"2025-11-26T12:47:01+00:00","article_modified_time":"2025-11-26T12:47:18+00:00","og_image":[{"width":550,"height":538,"url":"https:\/\/ederagenhelse.no\/ny2026\/wp-content\/uploads\/2025\/11\/Annette-Dragland.jpg","type":"image\/jpeg"}],"author":"EderaGen AS","twitter_card":"summary_large_image","twitter_misc":{"Skriven av":"EderaGen AS","Ber\u00e4knad l\u00e4stid":"2 minuter"},"schema":{"@context":"https:\/\/schema.org","@graph":[{"@type":"Article","@id":"https:\/\/ederagenhelse.no\/ny2026\/sv\/ge-oss-idag-var-dagliga-mikrob-jan-raa-ar-gast-i-podcasten-leger-om-livet\/#article","isPartOf":{"@id":"https:\/\/ederagenhelse.no\/ny2026\/sv\/ge-oss-idag-var-dagliga-mikrob-jan-raa-ar-gast-i-podcasten-leger-om-livet\/"},"author":{"name":"EderaGen AS","@id":"https:\/\/ederagenhelse.no\/ny2026\/#\/schema\/person\/74757d93f8a85a1e181e605a334663fb"},"headline":"&#8221;Ge oss idag v\u00e5r dagliga mikrob&#8221;. Jan Raa \u00e4r g\u00e4st i podcasten Leger om livet.","datePublished":"2025-11-26T12:47:01+00:00","dateModified":"2025-11-26T12:47:18+00:00","mainEntityOfPage":{"@id":"https:\/\/ederagenhelse.no\/ny2026\/sv\/ge-oss-idag-var-dagliga-mikrob-jan-raa-ar-gast-i-podcasten-leger-om-livet\/"},"wordCount":420,"publisher":{"@id":"https:\/\/ederagenhelse.no\/ny2026\/#organization"},"image":{"@id":"https:\/\/ederagenhelse.no\/ny2026\/sv\/ge-oss-idag-var-dagliga-mikrob-jan-raa-ar-gast-i-podcasten-leger-om-livet\/#primaryimage"},"thumbnailUrl":"https:\/\/ederagenhelse.no\/ny2026\/wp-content\/uploads\/2025\/11\/Annette-Dragland.jpg","articleSection":["Okategoriserad"],"inLanguage":"sv-SE"},{"@type":"WebPage","@id":"https:\/\/ederagenhelse.no\/ny2026\/sv\/ge-oss-idag-var-dagliga-mikrob-jan-raa-ar-gast-i-podcasten-leger-om-livet\/","url":"https:\/\/ederagenhelse.no\/ny2026\/sv\/ge-oss-idag-var-dagliga-mikrob-jan-raa-ar-gast-i-podcasten-leger-om-livet\/","name":"\"Ge oss idag v\u00e5r dagliga mikrob\". Jan Raa \u00e4r g\u00e4st i podcasten Leger om livet. - Ederagen Helse","isPartOf":{"@id":"https:\/\/ederagenhelse.no\/ny2026\/#website"},"primaryImageOfPage":{"@id":"https:\/\/ederagenhelse.no\/ny2026\/sv\/ge-oss-idag-var-dagliga-mikrob-jan-raa-ar-gast-i-podcasten-leger-om-livet\/#primaryimage"},"image":{"@id":"https:\/\/ederagenhelse.no\/ny2026\/sv\/ge-oss-idag-var-dagliga-mikrob-jan-raa-ar-gast-i-podcasten-leger-om-livet\/#primaryimage"},"thumbnailUrl":"https:\/\/ederagenhelse.no\/ny2026\/wp-content\/uploads\/2025\/11\/Annette-Dragland.jpg","datePublished":"2025-11-26T12:47:01+00:00","dateModified":"2025-11-26T12:47:18+00:00","breadcrumb":{"@id":"https:\/\/ederagenhelse.no\/ny2026\/sv\/ge-oss-idag-var-dagliga-mikrob-jan-raa-ar-gast-i-podcasten-leger-om-livet\/#breadcrumb"},"inLanguage":"sv-SE","potentialAction":[{"@type":"ReadAction","target":["https:\/\/ederagenhelse.no\/ny2026\/sv\/ge-oss-idag-var-dagliga-mikrob-jan-raa-ar-gast-i-podcasten-leger-om-livet\/"]}]},{"@type":"ImageObject","inLanguage":"sv-SE","@id":"https:\/\/ederagenhelse.no\/ny2026\/sv\/ge-oss-idag-var-dagliga-mikrob-jan-raa-ar-gast-i-podcasten-leger-om-livet\/#primaryimage","url":"https:\/\/ederagenhelse.no\/ny2026\/wp-content\/uploads\/2025\/11\/Annette-Dragland.jpg","contentUrl":"https:\/\/ederagenhelse.no\/ny2026\/wp-content\/uploads\/2025\/11\/Annette-Dragland.jpg","width":550,"height":538},{"@type":"BreadcrumbList","@id":"https:\/\/ederagenhelse.no\/ny2026\/sv\/ge-oss-idag-var-dagliga-mikrob-jan-raa-ar-gast-i-podcasten-leger-om-livet\/#breadcrumb","itemListElement":[{"@type":"ListItem","position":1,"name":"Hjem","item":"https:\/\/ederagenhelse.no\/ny2026\/sv\/"},{"@type":"ListItem","position":2,"name":"&#8220;Ge oss idag v\u00e5r dagliga mikrob&#8221;. Jan Raa \u00e4r g\u00e4st i podcasten Leger om livet."}]},{"@type":"WebSite","@id":"https:\/\/ederagenhelse.no\/ny2026\/#website","url":"https:\/\/ederagenhelse.no\/ny2026\/","name":"Ederagen Helse","description":"Lidenskapelig opptatt av god helse og godt immunforsvar","publisher":{"@id":"https:\/\/ederagenhelse.no\/ny2026\/#organization"},"potentialAction":[{"@type":"SearchAction","target":{"@type":"EntryPoint","urlTemplate":"https:\/\/ederagenhelse.no\/ny2026\/?s={search_term_string}"},"query-input":{"@type":"PropertyValueSpecification","valueRequired":true,"valueName":"search_term_string"}}],"inLanguage":"sv-SE"},{"@type":"Organization","@id":"https:\/\/ederagenhelse.no\/ny2026\/#organization","name":"Ederagen Helse","url":"https:\/\/ederagenhelse.no\/ny2026\/","logo":{"@type":"ImageObject","inLanguage":"sv-SE","@id":"https:\/\/ederagenhelse.no\/ny2026\/#\/schema\/logo\/image\/","url":"https:\/\/ederagenhelse.no\/ny2026\/wp-content\/uploads\/2024\/02\/logo-hvit-1.png","contentUrl":"https:\/\/ederagenhelse.no\/ny2026\/wp-content\/uploads\/2024\/02\/logo-hvit-1.png","width":2560,"height":418,"caption":"Ederagen Helse "},"image":{"@id":"https:\/\/ederagenhelse.no\/ny2026\/#\/schema\/logo\/image\/"}},{"@type":"Person","@id":"https:\/\/ederagenhelse.no\/ny2026\/#\/schema\/person\/74757d93f8a85a1e181e605a334663fb","name":"EderaGen AS","image":{"@type":"ImageObject","inLanguage":"sv-SE","@id":"https:\/\/secure.gravatar.com\/avatar\/ca1e76409c73cddcce1a64f77a24b5018bd9099155edc8388775e81a32f397a2?s=96&d=mm&r=g","url":"https:\/\/secure.gravatar.com\/avatar\/ca1e76409c73cddcce1a64f77a24b5018bd9099155edc8388775e81a32f397a2?s=96&d=mm&r=g","contentUrl":"https:\/\/secure.gravatar.com\/avatar\/ca1e76409c73cddcce1a64f77a24b5018bd9099155edc8388775e81a32f397a2?s=96&d=mm&r=g","caption":"EderaGen AS"},"sameAs":["https:\/\/ny.ederagenhelse.no"],"url":"https:\/\/ederagenhelse.no\/ny2026\/sv\/author\/ederagen-as\/"}]}},"_links":{"self":[{"href":"https:\/\/ederagenhelse.no\/ny2026\/sv\/wp-json\/wp\/v2\/posts\/20900","targetHints":{"allow":["GET"]}}],"collection":[{"href":"https:\/\/ederagenhelse.no\/ny2026\/sv\/wp-json\/wp\/v2\/posts"}],"about":[{"href":"https:\/\/ederagenhelse.no\/ny2026\/sv\/wp-json\/wp\/v2\/types\/post"}],"author":[{"embeddable":true,"href":"https:\/\/ederagenhelse.no\/ny2026\/sv\/wp-json\/wp\/v2\/users\/1"}],"replies":[{"embeddable":true,"href":"https:\/\/ederagenhelse.no\/ny2026\/sv\/wp-json\/wp\/v2\/comments?post=20900"}],"version-history":[{"count":3,"href":"https:\/\/ederagenhelse.no\/ny2026\/sv\/wp-json\/wp\/v2\/posts\/20900\/revisions"}],"predecessor-version":[{"id":20903,"href":"https:\/\/ederagenhelse.no\/ny2026\/sv\/wp-json\/wp\/v2\/posts\/20900\/revisions\/20903"}],"wp:featuredmedia":[{"embeddable":true,"href":"https:\/\/ederagenhelse.no\/ny2026\/sv\/wp-json\/wp\/v2\/media\/20894"}],"wp:attachment":[{"href":"https:\/\/ederagenhelse.no\/ny2026\/sv\/wp-json\/wp\/v2\/media?parent=20900"}],"wp:term":[{"taxonomy":"category","embeddable":true,"href":"https:\/\/ederagenhelse.no\/ny2026\/sv\/wp-json\/wp\/v2\/categories?post=20900"},{"taxonomy":"post_tag","embeddable":true,"href":"https:\/\/ederagenhelse.no\/ny2026\/sv\/wp-json\/wp\/v2\/tags?post=20900"}],"curies":[{"name":"wp","href":"https:\/\/api.w.org\/{rel}","templated":true}]}}