{"id":19917,"date":"2025-10-20T12:31:43","date_gmt":"2025-10-20T12:31:43","guid":{"rendered":"https:\/\/ederagenhelse.no\/ny2026\/jan-raa-ar-stolt-och-mycket-glad-i-ny-podcast\/"},"modified":"2025-10-20T12:31:59","modified_gmt":"2025-10-20T12:31:59","slug":"jan-raa-ar-stolt-och-mycket-glad-i-ny-podcast","status":"publish","type":"post","link":"https:\/\/ederagenhelse.no\/ny2026\/sv\/jan-raa-ar-stolt-och-mycket-glad-i-ny-podcast\/","title":{"rendered":"Jan Raa \u00e4r stolt och mycket glad i ny podcast"},"content":{"rendered":"\n<p>Annette L\u00f8no driver Nervuskliniken i Stavanger och arbetar f\u00f6r n\u00e4rvarande med boken <em>Vagusnerven, kroppens skjulte superkraft<\/em>. Hon driver ocks\u00e5 podcasten Helsetipspodden, d\u00e4r hon nyligen hade v\u00e5r ordf\u00f6rande Jan Raa som g\u00e4st. <\/p>\n\n<p>Innan timmen \u00e4r slut ber\u00e4ttar Jan Raa om hur stolt han \u00e4r \u00f6ver att han och hans kollegor har hittat en av de komponenter som g\u00f6r jorden gynnsam f\u00f6r ekosystemet av mikroflora i tarmen. &#8221;F\u00f6r att kunna g\u00f6ra detta till n\u00e5got som vi i Norge kan dra nytta av var man tvungen att patentera det &#8211; f\u00f6r att skydda sin egen uppfinning och ha kontroll \u00f6ver hur den utnyttjas. Uppfinningen har nu patenterats i Norge, Japan och USA. Tidigare i programmet avsl\u00f6jar Jan Raa ocks\u00e5 att han blev mycket glad n\u00e4r mikrobiologer i Kina hade gjort ett vetenskapligt arbete som var helt i linje med den patenterade uppfinningen och som bekr\u00e4ftade den.   <\/p>\n\n<p>Som v\u00e5ra kunder vet \u00e4r kosttillskottet <strong><u><a href=\"https:\/\/ederagenhelse.no\/ny2026\/sv\/produkt\/ederagard\/\">EderaGard<\/a><\/u><\/strong> \u00e4r den f\u00f6rsta produkten som kommer fr\u00e5n denna uppfinning. Men Jan Raa f\u00f6rklarar att \u00e4gandet av en patenterad uppfinning ocks\u00e5 \u00f6ppnar d\u00f6rren till andra produktformuleringar med betydande h\u00e4lsopotential. Han s\u00e4ger till exempel att en balanserad tarmflora \u00e4r viktig f\u00f6r att en immunterapibehandling ska fungera. Han avsl\u00f6jar att han med patentet som grund vill komma ig\u00e5ng med medicinsk utveckling i den riktningen &#8211; ett sp\u00e4nnande arbete f\u00f6r en veteran som han och goda medarbetare, som kan bli l\u00e5ngvarigt.   <\/p>\n\n<p>Men avsnittet tar ocks\u00e5 upp m\u00e5nga andra sp\u00e4nnande \u00e4mnen, bland annat hur mikroberna i tarmen kommunicerar med hj\u00e4rnan. Du hittar h\u00e4lsotips-poddens egen inneh\u00e5llsf\u00f6rteckning nedan. Avs\u00e4tt en timme och 45 minuter och njut av Jan Raas universum. Du hittar den p\u00e5 <g id=\"gid_0\"><g id=\"gid_1\"><g id=\"gid_2\">Spotify<\/g><\/g><\/g> och <g id=\"gid_3\"><g id=\"gid_4\"><g id=\"gid_5\">Apple Podcast<\/g><\/g><\/g>. Och gl\u00f6m inte att kolla in EderaGard i v\u00e5r webbshop, <strong><u><a href=\"https:\/\/ederagenhelse.no\/ny2026\/sv\/produkt\/ederagard\/\">h\u00e4r<\/a><\/u><\/strong>.    <\/p>\n\n<ol class=\"wp-block-list\">\n<li>Vad som f\u00f6rst\u00f6r &#8211; och vad som bygger upp &#8211; tarmens ekosystem.<\/li>\n\n\n\n<li>Hur v\u00e4sterl\u00e4ndsk livsstil, ultraprocessad mat och artificiella tillsatser orsakar obalans (dysbios).<\/li>\n\n\n\n<li>Varf\u00f6r f\u00f6rlust av bakterier \u00e4r kopplad till sjukdomar som IBS, fetma, diabetes, depression och Parkinsons sjukdom.<\/li>\n\n\n\n<li>Vetenskapsf\u00f6rnekelse &#8211; varf\u00f6r akut toxicitet inte \u00e4r tillr\u00e4ckligt relevant, men d\u00e4remot l\u00e5ngsiktiga effekter.<\/li>\n\n\n\n<li>Att v\u00e5ra kostr\u00e5d inte tar h\u00e4nsyn till att den mat vi \u00e4ter ocks\u00e5 \u00e4r mat f\u00f6r v\u00e5ra tarmmikrober.<\/li>\n\n\n\n<li>Varf\u00f6r \u00e4mnen som inte f\u00f6rekommer naturligt i den mat vi har \u00e4tit genom evolutionen inte heller h\u00f6r hemma d\u00e4r.<\/li>\n\n\n\n<li>Hur omega-6-fettsyror fr\u00e5n v\u00e4xtoljor fr\u00e4mjar inflammation, medan omega-3 \u00e4r antiinflammatoriskt.<\/li>\n\n\n\n<li>Sambandet mellan tarmflora, sinnesst\u00e4mning, \u00e5ngest och depression.<\/li>\n\n\n\n<li>Sambandet mellan fusobakterier och tjocktarmscancer.<\/li>\n\n\n\n<li>Varf\u00f6r vi m\u00e5ste se livsstilssjukdomar som resultatet av en obalans i hela kroppens ekosystem &#8211; inte bara som isolerade fel.<\/li>\n\n\n\n<li>Vad vi kan g\u00f6ra: \u00e5terg\u00e5 till naturlig mat, ekologiska produkter och n\u00e4ra kontakt med naturen.<\/li>\n<\/ol>\n\n<p><\/p>\n","protected":false},"excerpt":{"rendered":"<p>Annette L\u00f8no driver Nervuskliniken i Stavanger och arbetar f\u00f6r n\u00e4rvarande med boken Vagusnerven, kroppens skjulte superkraft. Hon driver ocks\u00e5 podcasten Helsetipspodden, d\u00e4r hon nyligen hade v\u00e5r ordf\u00f6rande Jan Raa som g\u00e4st. Innan timmen \u00e4r slut ber\u00e4ttar Jan Raa om hur stolt han \u00e4r \u00f6ver att han och hans kollegor har hittat en av de komponenter [&hellip;]<\/p>\n","protected":false},"author":1,"featured_media":19906,"comment_status":"closed","ping_status":"closed","sticky":false,"template":"","format":"standard","meta":{"footnotes":""},"categories":[28],"tags":[],"class_list":["post-19917","post","type-post","status-publish","format-standard","has-post-thumbnail","hentry","category-okategoriserad"],"yoast_head":"<!-- This site is optimized with the Yoast SEO plugin v27.4 - https:\/\/yoast.com\/product\/yoast-seo-wordpress\/ -->\n<title>Jan Raa \u00e4r stolt och mycket glad i ny podcast - Ederagen Helse<\/title>\n<meta name=\"robots\" content=\"noindex, follow, max-snippet:-1, max-image-preview:large, max-video-preview:-1\" \/>\n<meta property=\"og:locale\" content=\"sv_SE\" \/>\n<meta property=\"og:type\" content=\"article\" \/>\n<meta property=\"og:title\" content=\"Jan Raa \u00e4r stolt och mycket glad i ny podcast - Ederagen Helse\" \/>\n<meta property=\"og:description\" content=\"Annette L\u00f8no driver Nervuskliniken i Stavanger och arbetar f\u00f6r n\u00e4rvarande med boken Vagusnerven, kroppens skjulte superkraft. Hon driver ocks\u00e5 podcasten Helsetipspodden, d\u00e4r hon nyligen hade v\u00e5r ordf\u00f6rande Jan Raa som g\u00e4st. Innan timmen \u00e4r slut ber\u00e4ttar Jan Raa om hur stolt han \u00e4r \u00f6ver att han och hans kollegor har hittat en av de komponenter [&hellip;]\" \/>\n<meta property=\"og:url\" content=\"https:\/\/ederagenhelse.no\/ny2026\/sv\/jan-raa-ar-stolt-och-mycket-glad-i-ny-podcast\/\" \/>\n<meta property=\"og:site_name\" content=\"Ederagen Helse\" \/>\n<meta property=\"article:published_time\" content=\"2025-10-20T12:31:43+00:00\" \/>\n<meta property=\"article:modified_time\" content=\"2025-10-20T12:31:59+00:00\" \/>\n<meta property=\"og:image\" content=\"https:\/\/ederagenhelse.no\/ny2026\/wp-content\/uploads\/2025\/10\/shutterstock_2439125103-breddeformat.jpg\" \/>\n\t<meta property=\"og:image:width\" content=\"1911\" \/>\n\t<meta property=\"og:image:height\" content=\"1147\" \/>\n\t<meta property=\"og:image:type\" content=\"image\/jpeg\" \/>\n<meta name=\"author\" content=\"EderaGen AS\" \/>\n<meta name=\"twitter:card\" content=\"summary_large_image\" \/>\n<meta name=\"twitter:label1\" content=\"Skriven av\" \/>\n\t<meta name=\"twitter:data1\" content=\"EderaGen AS\" \/>\n\t<meta name=\"twitter:label2\" content=\"Ber\u00e4knad l\u00e4stid\" \/>\n\t<meta name=\"twitter:data2\" content=\"2 minuter\" \/>\n<script type=\"application\/ld+json\" class=\"yoast-schema-graph\">{\"@context\":\"https:\\\/\\\/schema.org\",\"@graph\":[{\"@type\":\"Article\",\"@id\":\"https:\\\/\\\/ederagenhelse.no\\\/ny2026\\\/sv\\\/jan-raa-ar-stolt-och-mycket-glad-i-ny-podcast\\\/#article\",\"isPartOf\":{\"@id\":\"https:\\\/\\\/ederagenhelse.no\\\/ny2026\\\/sv\\\/jan-raa-ar-stolt-och-mycket-glad-i-ny-podcast\\\/\"},\"author\":{\"name\":\"EderaGen AS\",\"@id\":\"https:\\\/\\\/ederagenhelse.no\\\/ny2026\\\/#\\\/schema\\\/person\\\/74757d93f8a85a1e181e605a334663fb\"},\"headline\":\"Jan Raa \u00e4r stolt och mycket glad i ny podcast\",\"datePublished\":\"2025-10-20T12:31:43+00:00\",\"dateModified\":\"2025-10-20T12:31:59+00:00\",\"mainEntityOfPage\":{\"@id\":\"https:\\\/\\\/ederagenhelse.no\\\/ny2026\\\/sv\\\/jan-raa-ar-stolt-och-mycket-glad-i-ny-podcast\\\/\"},\"wordCount\":506,\"publisher\":{\"@id\":\"https:\\\/\\\/ederagenhelse.no\\\/ny2026\\\/#organization\"},\"image\":{\"@id\":\"https:\\\/\\\/ederagenhelse.no\\\/ny2026\\\/sv\\\/jan-raa-ar-stolt-och-mycket-glad-i-ny-podcast\\\/#primaryimage\"},\"thumbnailUrl\":\"https:\\\/\\\/ederagenhelse.no\\\/ny2026\\\/wp-content\\\/uploads\\\/2025\\\/10\\\/shutterstock_2439125103-breddeformat.jpg\",\"articleSection\":[\"Okategoriserad\"],\"inLanguage\":\"sv-SE\"},{\"@type\":\"WebPage\",\"@id\":\"https:\\\/\\\/ederagenhelse.no\\\/ny2026\\\/sv\\\/jan-raa-ar-stolt-och-mycket-glad-i-ny-podcast\\\/\",\"url\":\"https:\\\/\\\/ederagenhelse.no\\\/ny2026\\\/sv\\\/jan-raa-ar-stolt-och-mycket-glad-i-ny-podcast\\\/\",\"name\":\"Jan Raa \u00e4r stolt och mycket glad i ny podcast - Ederagen Helse\",\"isPartOf\":{\"@id\":\"https:\\\/\\\/ederagenhelse.no\\\/ny2026\\\/#website\"},\"primaryImageOfPage\":{\"@id\":\"https:\\\/\\\/ederagenhelse.no\\\/ny2026\\\/sv\\\/jan-raa-ar-stolt-och-mycket-glad-i-ny-podcast\\\/#primaryimage\"},\"image\":{\"@id\":\"https:\\\/\\\/ederagenhelse.no\\\/ny2026\\\/sv\\\/jan-raa-ar-stolt-och-mycket-glad-i-ny-podcast\\\/#primaryimage\"},\"thumbnailUrl\":\"https:\\\/\\\/ederagenhelse.no\\\/ny2026\\\/wp-content\\\/uploads\\\/2025\\\/10\\\/shutterstock_2439125103-breddeformat.jpg\",\"datePublished\":\"2025-10-20T12:31:43+00:00\",\"dateModified\":\"2025-10-20T12:31:59+00:00\",\"breadcrumb\":{\"@id\":\"https:\\\/\\\/ederagenhelse.no\\\/ny2026\\\/sv\\\/jan-raa-ar-stolt-och-mycket-glad-i-ny-podcast\\\/#breadcrumb\"},\"inLanguage\":\"sv-SE\",\"potentialAction\":[{\"@type\":\"ReadAction\",\"target\":[\"https:\\\/\\\/ederagenhelse.no\\\/ny2026\\\/sv\\\/jan-raa-ar-stolt-och-mycket-glad-i-ny-podcast\\\/\"]}]},{\"@type\":\"ImageObject\",\"inLanguage\":\"sv-SE\",\"@id\":\"https:\\\/\\\/ederagenhelse.no\\\/ny2026\\\/sv\\\/jan-raa-ar-stolt-och-mycket-glad-i-ny-podcast\\\/#primaryimage\",\"url\":\"https:\\\/\\\/ederagenhelse.no\\\/ny2026\\\/wp-content\\\/uploads\\\/2025\\\/10\\\/shutterstock_2439125103-breddeformat.jpg\",\"contentUrl\":\"https:\\\/\\\/ederagenhelse.no\\\/ny2026\\\/wp-content\\\/uploads\\\/2025\\\/10\\\/shutterstock_2439125103-breddeformat.jpg\",\"width\":1911,\"height\":1147},{\"@type\":\"BreadcrumbList\",\"@id\":\"https:\\\/\\\/ederagenhelse.no\\\/ny2026\\\/sv\\\/jan-raa-ar-stolt-och-mycket-glad-i-ny-podcast\\\/#breadcrumb\",\"itemListElement\":[{\"@type\":\"ListItem\",\"position\":1,\"name\":\"Hjem\",\"item\":\"https:\\\/\\\/ederagenhelse.no\\\/ny2026\\\/sv\\\/\"},{\"@type\":\"ListItem\",\"position\":2,\"name\":\"Jan Raa \u00e4r stolt och mycket glad i ny podcast\"}]},{\"@type\":\"WebSite\",\"@id\":\"https:\\\/\\\/ederagenhelse.no\\\/ny2026\\\/#website\",\"url\":\"https:\\\/\\\/ederagenhelse.no\\\/ny2026\\\/\",\"name\":\"Ederagen Helse\",\"description\":\"Lidenskapelig opptatt av god helse og godt immunforsvar\",\"publisher\":{\"@id\":\"https:\\\/\\\/ederagenhelse.no\\\/ny2026\\\/#organization\"},\"potentialAction\":[{\"@type\":\"SearchAction\",\"target\":{\"@type\":\"EntryPoint\",\"urlTemplate\":\"https:\\\/\\\/ederagenhelse.no\\\/ny2026\\\/?s={search_term_string}\"},\"query-input\":{\"@type\":\"PropertyValueSpecification\",\"valueRequired\":true,\"valueName\":\"search_term_string\"}}],\"inLanguage\":\"sv-SE\"},{\"@type\":\"Organization\",\"@id\":\"https:\\\/\\\/ederagenhelse.no\\\/ny2026\\\/#organization\",\"name\":\"Ederagen Helse\",\"url\":\"https:\\\/\\\/ederagenhelse.no\\\/ny2026\\\/\",\"logo\":{\"@type\":\"ImageObject\",\"inLanguage\":\"sv-SE\",\"@id\":\"https:\\\/\\\/ederagenhelse.no\\\/ny2026\\\/#\\\/schema\\\/logo\\\/image\\\/\",\"url\":\"https:\\\/\\\/ederagenhelse.no\\\/ny2026\\\/wp-content\\\/uploads\\\/2024\\\/02\\\/logo-hvit-1.png\",\"contentUrl\":\"https:\\\/\\\/ederagenhelse.no\\\/ny2026\\\/wp-content\\\/uploads\\\/2024\\\/02\\\/logo-hvit-1.png\",\"width\":2560,\"height\":418,\"caption\":\"Ederagen Helse \"},\"image\":{\"@id\":\"https:\\\/\\\/ederagenhelse.no\\\/ny2026\\\/#\\\/schema\\\/logo\\\/image\\\/\"}},{\"@type\":\"Person\",\"@id\":\"https:\\\/\\\/ederagenhelse.no\\\/ny2026\\\/#\\\/schema\\\/person\\\/74757d93f8a85a1e181e605a334663fb\",\"name\":\"EderaGen AS\",\"image\":{\"@type\":\"ImageObject\",\"inLanguage\":\"sv-SE\",\"@id\":\"https:\\\/\\\/secure.gravatar.com\\\/avatar\\\/ca1e76409c73cddcce1a64f77a24b5018bd9099155edc8388775e81a32f397a2?s=96&d=mm&r=g\",\"url\":\"https:\\\/\\\/secure.gravatar.com\\\/avatar\\\/ca1e76409c73cddcce1a64f77a24b5018bd9099155edc8388775e81a32f397a2?s=96&d=mm&r=g\",\"contentUrl\":\"https:\\\/\\\/secure.gravatar.com\\\/avatar\\\/ca1e76409c73cddcce1a64f77a24b5018bd9099155edc8388775e81a32f397a2?s=96&d=mm&r=g\",\"caption\":\"EderaGen AS\"},\"sameAs\":[\"https:\\\/\\\/ny.ederagenhelse.no\"],\"url\":\"https:\\\/\\\/ederagenhelse.no\\\/ny2026\\\/sv\\\/author\\\/ederagen-as\\\/\"}]}<\/script>\n<!-- \/ Yoast SEO plugin. -->","yoast_head_json":{"title":"Jan Raa \u00e4r stolt och mycket glad i ny podcast - Ederagen Helse","robots":{"index":"noindex","follow":"follow","max-snippet":"max-snippet:-1","max-image-preview":"max-image-preview:large","max-video-preview":"max-video-preview:-1"},"og_locale":"sv_SE","og_type":"article","og_title":"Jan Raa \u00e4r stolt och mycket glad i ny podcast - Ederagen Helse","og_description":"Annette L\u00f8no driver Nervuskliniken i Stavanger och arbetar f\u00f6r n\u00e4rvarande med boken Vagusnerven, kroppens skjulte superkraft. Hon driver ocks\u00e5 podcasten Helsetipspodden, d\u00e4r hon nyligen hade v\u00e5r ordf\u00f6rande Jan Raa som g\u00e4st. Innan timmen \u00e4r slut ber\u00e4ttar Jan Raa om hur stolt han \u00e4r \u00f6ver att han och hans kollegor har hittat en av de komponenter [&hellip;]","og_url":"https:\/\/ederagenhelse.no\/ny2026\/sv\/jan-raa-ar-stolt-och-mycket-glad-i-ny-podcast\/","og_site_name":"Ederagen Helse","article_published_time":"2025-10-20T12:31:43+00:00","article_modified_time":"2025-10-20T12:31:59+00:00","og_image":[{"width":1911,"height":1147,"url":"https:\/\/ederagenhelse.no\/ny2026\/wp-content\/uploads\/2025\/10\/shutterstock_2439125103-breddeformat.jpg","type":"image\/jpeg"}],"author":"EderaGen AS","twitter_card":"summary_large_image","twitter_misc":{"Skriven av":"EderaGen AS","Ber\u00e4knad l\u00e4stid":"2 minuter"},"schema":{"@context":"https:\/\/schema.org","@graph":[{"@type":"Article","@id":"https:\/\/ederagenhelse.no\/ny2026\/sv\/jan-raa-ar-stolt-och-mycket-glad-i-ny-podcast\/#article","isPartOf":{"@id":"https:\/\/ederagenhelse.no\/ny2026\/sv\/jan-raa-ar-stolt-och-mycket-glad-i-ny-podcast\/"},"author":{"name":"EderaGen AS","@id":"https:\/\/ederagenhelse.no\/ny2026\/#\/schema\/person\/74757d93f8a85a1e181e605a334663fb"},"headline":"Jan Raa \u00e4r stolt och mycket glad i ny podcast","datePublished":"2025-10-20T12:31:43+00:00","dateModified":"2025-10-20T12:31:59+00:00","mainEntityOfPage":{"@id":"https:\/\/ederagenhelse.no\/ny2026\/sv\/jan-raa-ar-stolt-och-mycket-glad-i-ny-podcast\/"},"wordCount":506,"publisher":{"@id":"https:\/\/ederagenhelse.no\/ny2026\/#organization"},"image":{"@id":"https:\/\/ederagenhelse.no\/ny2026\/sv\/jan-raa-ar-stolt-och-mycket-glad-i-ny-podcast\/#primaryimage"},"thumbnailUrl":"https:\/\/ederagenhelse.no\/ny2026\/wp-content\/uploads\/2025\/10\/shutterstock_2439125103-breddeformat.jpg","articleSection":["Okategoriserad"],"inLanguage":"sv-SE"},{"@type":"WebPage","@id":"https:\/\/ederagenhelse.no\/ny2026\/sv\/jan-raa-ar-stolt-och-mycket-glad-i-ny-podcast\/","url":"https:\/\/ederagenhelse.no\/ny2026\/sv\/jan-raa-ar-stolt-och-mycket-glad-i-ny-podcast\/","name":"Jan Raa \u00e4r stolt och mycket glad i ny podcast - Ederagen Helse","isPartOf":{"@id":"https:\/\/ederagenhelse.no\/ny2026\/#website"},"primaryImageOfPage":{"@id":"https:\/\/ederagenhelse.no\/ny2026\/sv\/jan-raa-ar-stolt-och-mycket-glad-i-ny-podcast\/#primaryimage"},"image":{"@id":"https:\/\/ederagenhelse.no\/ny2026\/sv\/jan-raa-ar-stolt-och-mycket-glad-i-ny-podcast\/#primaryimage"},"thumbnailUrl":"https:\/\/ederagenhelse.no\/ny2026\/wp-content\/uploads\/2025\/10\/shutterstock_2439125103-breddeformat.jpg","datePublished":"2025-10-20T12:31:43+00:00","dateModified":"2025-10-20T12:31:59+00:00","breadcrumb":{"@id":"https:\/\/ederagenhelse.no\/ny2026\/sv\/jan-raa-ar-stolt-och-mycket-glad-i-ny-podcast\/#breadcrumb"},"inLanguage":"sv-SE","potentialAction":[{"@type":"ReadAction","target":["https:\/\/ederagenhelse.no\/ny2026\/sv\/jan-raa-ar-stolt-och-mycket-glad-i-ny-podcast\/"]}]},{"@type":"ImageObject","inLanguage":"sv-SE","@id":"https:\/\/ederagenhelse.no\/ny2026\/sv\/jan-raa-ar-stolt-och-mycket-glad-i-ny-podcast\/#primaryimage","url":"https:\/\/ederagenhelse.no\/ny2026\/wp-content\/uploads\/2025\/10\/shutterstock_2439125103-breddeformat.jpg","contentUrl":"https:\/\/ederagenhelse.no\/ny2026\/wp-content\/uploads\/2025\/10\/shutterstock_2439125103-breddeformat.jpg","width":1911,"height":1147},{"@type":"BreadcrumbList","@id":"https:\/\/ederagenhelse.no\/ny2026\/sv\/jan-raa-ar-stolt-och-mycket-glad-i-ny-podcast\/#breadcrumb","itemListElement":[{"@type":"ListItem","position":1,"name":"Hjem","item":"https:\/\/ederagenhelse.no\/ny2026\/sv\/"},{"@type":"ListItem","position":2,"name":"Jan Raa \u00e4r stolt och mycket glad i ny podcast"}]},{"@type":"WebSite","@id":"https:\/\/ederagenhelse.no\/ny2026\/#website","url":"https:\/\/ederagenhelse.no\/ny2026\/","name":"Ederagen Helse","description":"Lidenskapelig opptatt av god helse og godt immunforsvar","publisher":{"@id":"https:\/\/ederagenhelse.no\/ny2026\/#organization"},"potentialAction":[{"@type":"SearchAction","target":{"@type":"EntryPoint","urlTemplate":"https:\/\/ederagenhelse.no\/ny2026\/?s={search_term_string}"},"query-input":{"@type":"PropertyValueSpecification","valueRequired":true,"valueName":"search_term_string"}}],"inLanguage":"sv-SE"},{"@type":"Organization","@id":"https:\/\/ederagenhelse.no\/ny2026\/#organization","name":"Ederagen Helse","url":"https:\/\/ederagenhelse.no\/ny2026\/","logo":{"@type":"ImageObject","inLanguage":"sv-SE","@id":"https:\/\/ederagenhelse.no\/ny2026\/#\/schema\/logo\/image\/","url":"https:\/\/ederagenhelse.no\/ny2026\/wp-content\/uploads\/2024\/02\/logo-hvit-1.png","contentUrl":"https:\/\/ederagenhelse.no\/ny2026\/wp-content\/uploads\/2024\/02\/logo-hvit-1.png","width":2560,"height":418,"caption":"Ederagen Helse "},"image":{"@id":"https:\/\/ederagenhelse.no\/ny2026\/#\/schema\/logo\/image\/"}},{"@type":"Person","@id":"https:\/\/ederagenhelse.no\/ny2026\/#\/schema\/person\/74757d93f8a85a1e181e605a334663fb","name":"EderaGen AS","image":{"@type":"ImageObject","inLanguage":"sv-SE","@id":"https:\/\/secure.gravatar.com\/avatar\/ca1e76409c73cddcce1a64f77a24b5018bd9099155edc8388775e81a32f397a2?s=96&d=mm&r=g","url":"https:\/\/secure.gravatar.com\/avatar\/ca1e76409c73cddcce1a64f77a24b5018bd9099155edc8388775e81a32f397a2?s=96&d=mm&r=g","contentUrl":"https:\/\/secure.gravatar.com\/avatar\/ca1e76409c73cddcce1a64f77a24b5018bd9099155edc8388775e81a32f397a2?s=96&d=mm&r=g","caption":"EderaGen AS"},"sameAs":["https:\/\/ny.ederagenhelse.no"],"url":"https:\/\/ederagenhelse.no\/ny2026\/sv\/author\/ederagen-as\/"}]}},"_links":{"self":[{"href":"https:\/\/ederagenhelse.no\/ny2026\/sv\/wp-json\/wp\/v2\/posts\/19917","targetHints":{"allow":["GET"]}}],"collection":[{"href":"https:\/\/ederagenhelse.no\/ny2026\/sv\/wp-json\/wp\/v2\/posts"}],"about":[{"href":"https:\/\/ederagenhelse.no\/ny2026\/sv\/wp-json\/wp\/v2\/types\/post"}],"author":[{"embeddable":true,"href":"https:\/\/ederagenhelse.no\/ny2026\/sv\/wp-json\/wp\/v2\/users\/1"}],"replies":[{"embeddable":true,"href":"https:\/\/ederagenhelse.no\/ny2026\/sv\/wp-json\/wp\/v2\/comments?post=19917"}],"version-history":[{"count":3,"href":"https:\/\/ederagenhelse.no\/ny2026\/sv\/wp-json\/wp\/v2\/posts\/19917\/revisions"}],"predecessor-version":[{"id":19920,"href":"https:\/\/ederagenhelse.no\/ny2026\/sv\/wp-json\/wp\/v2\/posts\/19917\/revisions\/19920"}],"wp:featuredmedia":[{"embeddable":true,"href":"https:\/\/ederagenhelse.no\/ny2026\/sv\/wp-json\/wp\/v2\/media\/19906"}],"wp:attachment":[{"href":"https:\/\/ederagenhelse.no\/ny2026\/sv\/wp-json\/wp\/v2\/media?parent=19917"}],"wp:term":[{"taxonomy":"category","embeddable":true,"href":"https:\/\/ederagenhelse.no\/ny2026\/sv\/wp-json\/wp\/v2\/categories?post=19917"},{"taxonomy":"post_tag","embeddable":true,"href":"https:\/\/ederagenhelse.no\/ny2026\/sv\/wp-json\/wp\/v2\/tags?post=19917"}],"curies":[{"name":"wp","href":"https:\/\/api.w.org\/{rel}","templated":true}]}}