{"id":19401,"date":"2025-09-24T11:44:50","date_gmt":"2025-09-24T11:44:50","guid":{"rendered":"https:\/\/ederagenhelse.no\/ny2026\/hedrar-jan-raa-laxvaccinernas-fader\/"},"modified":"2025-09-24T11:49:25","modified_gmt":"2025-09-24T11:49:25","slug":"hedrar-jan-raa-laxvaccinernas-fader","status":"publish","type":"post","link":"https:\/\/ederagenhelse.no\/ny2026\/sv\/hedrar-jan-raa-laxvaccinernas-fader\/","title":{"rendered":"Hedrar Jan Raa &#8211; laxvaccinernas fader"},"content":{"rendered":"\n<p>F\u00f6r EderaGen Healths kunder och alla med intresse f\u00f6r tarmh\u00e4lsa och immunitet \u00e4r v\u00e5r styrelseordf\u00f6rande Jan Raa v\u00e4lk\u00e4nd som professor <em>emeritus<\/em> och forskare som \u00f6ser ur sig kunskap om detta och andra \u00e4mnen han ber\u00f6rt under sin l\u00e5nga karri\u00e4r. Inte alla vet att han ocks\u00e5 var en pionj\u00e4r inom norsk laxodling och utvecklade de f\u00f6rsta fiskvaccinerna i Norge. F\u00f6r ett par veckor sedan var han &#8221;soffg\u00e4st&#8221; p\u00e5 ett kl\u00e4ckeriseminarium i Bod\u00f6, som anordnades av fiskfodertillverkaren Skretting och NCE Aquaculture. Inf\u00f6r publiken hedrades han f\u00f6r sitt l\u00e5nga engagemang i den norska vattenbruksn\u00e4ringen och tilldelades ett pris i form av ett fotoprint.     <\/p>\n\n<p>En tillbakablick p\u00e5 webbplatsen <strong><u><a href=\"https:\/\/www.intrafish.no\/fiskehelse\/laksevaksinenes-far-penger-har-aldri-vart-min-motivasjon\/2-1-1872870\">IntraFish webbplats<\/a><\/u><\/strong> reflekterar han \u00f6ver n\u00e5gra av de saker han har varit involverad i genom \u00e5ren, inte minst som entrepren\u00f6r i m\u00e5nga f\u00f6retag. Han n\u00e4mner det &#8221;jord\u00e4mne&#8221; som han utvecklat tillsammans med kollegor vid Oslo universitet. Uppfinningen av denna jordsubstans \u00e4r nu patenterad i b\u00e5de Norge och Japan, <strong><u><a href=\"https:\/\/ederagenhelse.no\/ny2026\/sv\/vi-har-beviljats-ett-patent-i-japan-det-firar-vi-med-ett-sommarerbjudande\/\">Japan<\/a><\/u><\/strong> och <strong><u><a href=\"https:\/\/ederagenhelse.no\/ny2026\/sv\/goda-nyheter-vi-har-beviljats-ett-patent-i-usa-och-firar-med-ett-3-for-2-erbjudande\/\">USA<\/a><\/u><\/strong>. Som v\u00e5ra kunder vet \u00e4r <strong><u><a href=\"https:\/\/ederagenhelse.no\/ny2026\/da\/produkt\/ederagard\/\">EderaGard<\/a><\/u><\/strong> bygger p\u00e5 denna uppfinning och \u00e4r den f\u00f6rsta produkten i sitt slag i v\u00e4rlden.   <\/p>\n\n<p>Artikeln om <strong><u><a href=\"https:\/\/www.intrafish.no\/fiskehelse\/laksevaksinenes-far-penger-har-aldri-vart-min-motivasjon\/2-1-1872870\">IntraFish<\/a><\/u><\/strong> ligger bakom en betalv\u00e4gg, men f\u00f6r den som \u00e4r intresserad av att l\u00e4sa denna sp\u00e4nnande portr\u00e4ttintervju finns nu ett erbjudande om 6 veckors tillg\u00e5ng till sajten f\u00f6r 6 kronor.<\/p>\n\n<p><\/p>\n","protected":false},"excerpt":{"rendered":"<p>F\u00f6r EderaGen Healths kunder och alla med intresse f\u00f6r tarmh\u00e4lsa och immunitet \u00e4r v\u00e5r styrelseordf\u00f6rande Jan Raa v\u00e4lk\u00e4nd som professor emeritus och forskare som \u00f6ser ur sig kunskap om detta och andra \u00e4mnen han ber\u00f6rt under sin l\u00e5nga karri\u00e4r. Inte alla vet att han ocks\u00e5 var en pionj\u00e4r inom norsk laxodling och utvecklade de f\u00f6rsta [&hellip;]<\/p>\n","protected":false},"author":1,"featured_media":19408,"comment_status":"closed","ping_status":"closed","sticky":false,"template":"","format":"standard","meta":{"footnotes":""},"categories":[28],"tags":[],"class_list":["post-19401","post","type-post","status-publish","format-standard","has-post-thumbnail","hentry","category-okategoriserad"],"yoast_head":"<!-- This site is optimized with the Yoast SEO plugin v27.4 - https:\/\/yoast.com\/product\/yoast-seo-wordpress\/ -->\n<title>Hedrar Jan Raa - laxvaccinernas fader - Ederagen Helse<\/title>\n<meta name=\"robots\" content=\"noindex, follow, max-snippet:-1, max-image-preview:large, max-video-preview:-1\" \/>\n<meta property=\"og:locale\" content=\"sv_SE\" \/>\n<meta property=\"og:type\" content=\"article\" \/>\n<meta property=\"og:title\" content=\"Hedrar Jan Raa - laxvaccinernas fader - Ederagen Helse\" \/>\n<meta property=\"og:description\" content=\"F\u00f6r EderaGen Healths kunder och alla med intresse f\u00f6r tarmh\u00e4lsa och immunitet \u00e4r v\u00e5r styrelseordf\u00f6rande Jan Raa v\u00e4lk\u00e4nd som professor emeritus och forskare som \u00f6ser ur sig kunskap om detta och andra \u00e4mnen han ber\u00f6rt under sin l\u00e5nga karri\u00e4r. Inte alla vet att han ocks\u00e5 var en pionj\u00e4r inom norsk laxodling och utvecklade de f\u00f6rsta [&hellip;]\" \/>\n<meta property=\"og:url\" content=\"https:\/\/ederagenhelse.no\/ny2026\/sv\/hedrar-jan-raa-laxvaccinernas-fader\/\" \/>\n<meta property=\"og:site_name\" content=\"Ederagen Helse\" \/>\n<meta property=\"article:published_time\" content=\"2025-09-24T11:44:50+00:00\" \/>\n<meta property=\"article:modified_time\" content=\"2025-09-24T11:49:25+00:00\" \/>\n<meta property=\"og:image\" content=\"https:\/\/ederagenhelse.no\/ny2026\/wp-content\/uploads\/2025\/09\/eyJ3IjoyMDAwLCJmIjoid2VicCIsImsiOiI2ODUzODEyYzJlODc5ZDZlNmQ5ZTU3YTc5ODYzZTQ1MiIsImZwIjpbMC41LDBdLCJyIjoxLjUsIm8iOiJnbG9iYWwifQ.webp\" \/>\n\t<meta property=\"og:image:width\" content=\"2000\" \/>\n\t<meta property=\"og:image:height\" content=\"1333\" \/>\n\t<meta property=\"og:image:type\" content=\"image\/webp\" \/>\n<meta name=\"author\" content=\"EderaGen AS\" \/>\n<meta name=\"twitter:card\" content=\"summary_large_image\" \/>\n<meta name=\"twitter:label1\" content=\"Skriven av\" \/>\n\t<meta name=\"twitter:data1\" content=\"EderaGen AS\" \/>\n\t<meta name=\"twitter:label2\" content=\"Ber\u00e4knad l\u00e4stid\" \/>\n\t<meta name=\"twitter:data2\" content=\"1 minut\" \/>\n<script type=\"application\/ld+json\" class=\"yoast-schema-graph\">{\"@context\":\"https:\\\/\\\/schema.org\",\"@graph\":[{\"@type\":\"Article\",\"@id\":\"https:\\\/\\\/ederagenhelse.no\\\/ny2026\\\/sv\\\/hedrar-jan-raa-laxvaccinernas-fader\\\/#article\",\"isPartOf\":{\"@id\":\"https:\\\/\\\/ederagenhelse.no\\\/ny2026\\\/sv\\\/hedrar-jan-raa-laxvaccinernas-fader\\\/\"},\"author\":{\"name\":\"EderaGen AS\",\"@id\":\"https:\\\/\\\/ederagenhelse.no\\\/ny2026\\\/#\\\/schema\\\/person\\\/74757d93f8a85a1e181e605a334663fb\"},\"headline\":\"Hedrar Jan Raa &#8211; laxvaccinernas fader\",\"datePublished\":\"2025-09-24T11:44:50+00:00\",\"dateModified\":\"2025-09-24T11:49:25+00:00\",\"mainEntityOfPage\":{\"@id\":\"https:\\\/\\\/ederagenhelse.no\\\/ny2026\\\/sv\\\/hedrar-jan-raa-laxvaccinernas-fader\\\/\"},\"wordCount\":247,\"publisher\":{\"@id\":\"https:\\\/\\\/ederagenhelse.no\\\/ny2026\\\/#organization\"},\"image\":{\"@id\":\"https:\\\/\\\/ederagenhelse.no\\\/ny2026\\\/sv\\\/hedrar-jan-raa-laxvaccinernas-fader\\\/#primaryimage\"},\"thumbnailUrl\":\"https:\\\/\\\/ederagenhelse.no\\\/ny2026\\\/wp-content\\\/uploads\\\/2025\\\/09\\\/eyJ3IjoyMDAwLCJmIjoid2VicCIsImsiOiI2ODUzODEyYzJlODc5ZDZlNmQ5ZTU3YTc5ODYzZTQ1MiIsImZwIjpbMC41LDBdLCJyIjoxLjUsIm8iOiJnbG9iYWwifQ.webp\",\"articleSection\":[\"Okategoriserad\"],\"inLanguage\":\"sv-SE\"},{\"@type\":\"WebPage\",\"@id\":\"https:\\\/\\\/ederagenhelse.no\\\/ny2026\\\/sv\\\/hedrar-jan-raa-laxvaccinernas-fader\\\/\",\"url\":\"https:\\\/\\\/ederagenhelse.no\\\/ny2026\\\/sv\\\/hedrar-jan-raa-laxvaccinernas-fader\\\/\",\"name\":\"Hedrar Jan Raa - laxvaccinernas fader - Ederagen Helse\",\"isPartOf\":{\"@id\":\"https:\\\/\\\/ederagenhelse.no\\\/ny2026\\\/#website\"},\"primaryImageOfPage\":{\"@id\":\"https:\\\/\\\/ederagenhelse.no\\\/ny2026\\\/sv\\\/hedrar-jan-raa-laxvaccinernas-fader\\\/#primaryimage\"},\"image\":{\"@id\":\"https:\\\/\\\/ederagenhelse.no\\\/ny2026\\\/sv\\\/hedrar-jan-raa-laxvaccinernas-fader\\\/#primaryimage\"},\"thumbnailUrl\":\"https:\\\/\\\/ederagenhelse.no\\\/ny2026\\\/wp-content\\\/uploads\\\/2025\\\/09\\\/eyJ3IjoyMDAwLCJmIjoid2VicCIsImsiOiI2ODUzODEyYzJlODc5ZDZlNmQ5ZTU3YTc5ODYzZTQ1MiIsImZwIjpbMC41LDBdLCJyIjoxLjUsIm8iOiJnbG9iYWwifQ.webp\",\"datePublished\":\"2025-09-24T11:44:50+00:00\",\"dateModified\":\"2025-09-24T11:49:25+00:00\",\"breadcrumb\":{\"@id\":\"https:\\\/\\\/ederagenhelse.no\\\/ny2026\\\/sv\\\/hedrar-jan-raa-laxvaccinernas-fader\\\/#breadcrumb\"},\"inLanguage\":\"sv-SE\",\"potentialAction\":[{\"@type\":\"ReadAction\",\"target\":[\"https:\\\/\\\/ederagenhelse.no\\\/ny2026\\\/sv\\\/hedrar-jan-raa-laxvaccinernas-fader\\\/\"]}]},{\"@type\":\"ImageObject\",\"inLanguage\":\"sv-SE\",\"@id\":\"https:\\\/\\\/ederagenhelse.no\\\/ny2026\\\/sv\\\/hedrar-jan-raa-laxvaccinernas-fader\\\/#primaryimage\",\"url\":\"https:\\\/\\\/ederagenhelse.no\\\/ny2026\\\/wp-content\\\/uploads\\\/2025\\\/09\\\/eyJ3IjoyMDAwLCJmIjoid2VicCIsImsiOiI2ODUzODEyYzJlODc5ZDZlNmQ5ZTU3YTc5ODYzZTQ1MiIsImZwIjpbMC41LDBdLCJyIjoxLjUsIm8iOiJnbG9iYWwifQ.webp\",\"contentUrl\":\"https:\\\/\\\/ederagenhelse.no\\\/ny2026\\\/wp-content\\\/uploads\\\/2025\\\/09\\\/eyJ3IjoyMDAwLCJmIjoid2VicCIsImsiOiI2ODUzODEyYzJlODc5ZDZlNmQ5ZTU3YTc5ODYzZTQ1MiIsImZwIjpbMC41LDBdLCJyIjoxLjUsIm8iOiJnbG9iYWwifQ.webp\",\"width\":2000,\"height\":1333},{\"@type\":\"BreadcrumbList\",\"@id\":\"https:\\\/\\\/ederagenhelse.no\\\/ny2026\\\/sv\\\/hedrar-jan-raa-laxvaccinernas-fader\\\/#breadcrumb\",\"itemListElement\":[{\"@type\":\"ListItem\",\"position\":1,\"name\":\"Hjem\",\"item\":\"https:\\\/\\\/ederagenhelse.no\\\/ny2026\\\/sv\\\/\"},{\"@type\":\"ListItem\",\"position\":2,\"name\":\"Hedrar Jan Raa &#8211; laxvaccinernas fader\"}]},{\"@type\":\"WebSite\",\"@id\":\"https:\\\/\\\/ederagenhelse.no\\\/ny2026\\\/#website\",\"url\":\"https:\\\/\\\/ederagenhelse.no\\\/ny2026\\\/\",\"name\":\"Ederagen Helse\",\"description\":\"Lidenskapelig opptatt av god helse og godt immunforsvar\",\"publisher\":{\"@id\":\"https:\\\/\\\/ederagenhelse.no\\\/ny2026\\\/#organization\"},\"potentialAction\":[{\"@type\":\"SearchAction\",\"target\":{\"@type\":\"EntryPoint\",\"urlTemplate\":\"https:\\\/\\\/ederagenhelse.no\\\/ny2026\\\/?s={search_term_string}\"},\"query-input\":{\"@type\":\"PropertyValueSpecification\",\"valueRequired\":true,\"valueName\":\"search_term_string\"}}],\"inLanguage\":\"sv-SE\"},{\"@type\":\"Organization\",\"@id\":\"https:\\\/\\\/ederagenhelse.no\\\/ny2026\\\/#organization\",\"name\":\"Ederagen Helse\",\"url\":\"https:\\\/\\\/ederagenhelse.no\\\/ny2026\\\/\",\"logo\":{\"@type\":\"ImageObject\",\"inLanguage\":\"sv-SE\",\"@id\":\"https:\\\/\\\/ederagenhelse.no\\\/ny2026\\\/#\\\/schema\\\/logo\\\/image\\\/\",\"url\":\"https:\\\/\\\/ederagenhelse.no\\\/ny2026\\\/wp-content\\\/uploads\\\/2024\\\/02\\\/logo-hvit-1.png\",\"contentUrl\":\"https:\\\/\\\/ederagenhelse.no\\\/ny2026\\\/wp-content\\\/uploads\\\/2024\\\/02\\\/logo-hvit-1.png\",\"width\":2560,\"height\":418,\"caption\":\"Ederagen Helse \"},\"image\":{\"@id\":\"https:\\\/\\\/ederagenhelse.no\\\/ny2026\\\/#\\\/schema\\\/logo\\\/image\\\/\"}},{\"@type\":\"Person\",\"@id\":\"https:\\\/\\\/ederagenhelse.no\\\/ny2026\\\/#\\\/schema\\\/person\\\/74757d93f8a85a1e181e605a334663fb\",\"name\":\"EderaGen AS\",\"image\":{\"@type\":\"ImageObject\",\"inLanguage\":\"sv-SE\",\"@id\":\"https:\\\/\\\/secure.gravatar.com\\\/avatar\\\/ca1e76409c73cddcce1a64f77a24b5018bd9099155edc8388775e81a32f397a2?s=96&d=mm&r=g\",\"url\":\"https:\\\/\\\/secure.gravatar.com\\\/avatar\\\/ca1e76409c73cddcce1a64f77a24b5018bd9099155edc8388775e81a32f397a2?s=96&d=mm&r=g\",\"contentUrl\":\"https:\\\/\\\/secure.gravatar.com\\\/avatar\\\/ca1e76409c73cddcce1a64f77a24b5018bd9099155edc8388775e81a32f397a2?s=96&d=mm&r=g\",\"caption\":\"EderaGen AS\"},\"sameAs\":[\"https:\\\/\\\/ny.ederagenhelse.no\"],\"url\":\"https:\\\/\\\/ederagenhelse.no\\\/ny2026\\\/sv\\\/author\\\/ederagen-as\\\/\"}]}<\/script>\n<!-- \/ Yoast SEO plugin. -->","yoast_head_json":{"title":"Hedrar Jan Raa - laxvaccinernas fader - Ederagen Helse","robots":{"index":"noindex","follow":"follow","max-snippet":"max-snippet:-1","max-image-preview":"max-image-preview:large","max-video-preview":"max-video-preview:-1"},"og_locale":"sv_SE","og_type":"article","og_title":"Hedrar Jan Raa - laxvaccinernas fader - Ederagen Helse","og_description":"F\u00f6r EderaGen Healths kunder och alla med intresse f\u00f6r tarmh\u00e4lsa och immunitet \u00e4r v\u00e5r styrelseordf\u00f6rande Jan Raa v\u00e4lk\u00e4nd som professor emeritus och forskare som \u00f6ser ur sig kunskap om detta och andra \u00e4mnen han ber\u00f6rt under sin l\u00e5nga karri\u00e4r. Inte alla vet att han ocks\u00e5 var en pionj\u00e4r inom norsk laxodling och utvecklade de f\u00f6rsta [&hellip;]","og_url":"https:\/\/ederagenhelse.no\/ny2026\/sv\/hedrar-jan-raa-laxvaccinernas-fader\/","og_site_name":"Ederagen Helse","article_published_time":"2025-09-24T11:44:50+00:00","article_modified_time":"2025-09-24T11:49:25+00:00","og_image":[{"width":2000,"height":1333,"url":"https:\/\/ederagenhelse.no\/ny2026\/wp-content\/uploads\/2025\/09\/eyJ3IjoyMDAwLCJmIjoid2VicCIsImsiOiI2ODUzODEyYzJlODc5ZDZlNmQ5ZTU3YTc5ODYzZTQ1MiIsImZwIjpbMC41LDBdLCJyIjoxLjUsIm8iOiJnbG9iYWwifQ.webp","type":"image\/webp"}],"author":"EderaGen AS","twitter_card":"summary_large_image","twitter_misc":{"Skriven av":"EderaGen AS","Ber\u00e4knad l\u00e4stid":"1 minut"},"schema":{"@context":"https:\/\/schema.org","@graph":[{"@type":"Article","@id":"https:\/\/ederagenhelse.no\/ny2026\/sv\/hedrar-jan-raa-laxvaccinernas-fader\/#article","isPartOf":{"@id":"https:\/\/ederagenhelse.no\/ny2026\/sv\/hedrar-jan-raa-laxvaccinernas-fader\/"},"author":{"name":"EderaGen AS","@id":"https:\/\/ederagenhelse.no\/ny2026\/#\/schema\/person\/74757d93f8a85a1e181e605a334663fb"},"headline":"Hedrar Jan Raa &#8211; laxvaccinernas fader","datePublished":"2025-09-24T11:44:50+00:00","dateModified":"2025-09-24T11:49:25+00:00","mainEntityOfPage":{"@id":"https:\/\/ederagenhelse.no\/ny2026\/sv\/hedrar-jan-raa-laxvaccinernas-fader\/"},"wordCount":247,"publisher":{"@id":"https:\/\/ederagenhelse.no\/ny2026\/#organization"},"image":{"@id":"https:\/\/ederagenhelse.no\/ny2026\/sv\/hedrar-jan-raa-laxvaccinernas-fader\/#primaryimage"},"thumbnailUrl":"https:\/\/ederagenhelse.no\/ny2026\/wp-content\/uploads\/2025\/09\/eyJ3IjoyMDAwLCJmIjoid2VicCIsImsiOiI2ODUzODEyYzJlODc5ZDZlNmQ5ZTU3YTc5ODYzZTQ1MiIsImZwIjpbMC41LDBdLCJyIjoxLjUsIm8iOiJnbG9iYWwifQ.webp","articleSection":["Okategoriserad"],"inLanguage":"sv-SE"},{"@type":"WebPage","@id":"https:\/\/ederagenhelse.no\/ny2026\/sv\/hedrar-jan-raa-laxvaccinernas-fader\/","url":"https:\/\/ederagenhelse.no\/ny2026\/sv\/hedrar-jan-raa-laxvaccinernas-fader\/","name":"Hedrar Jan Raa - laxvaccinernas fader - Ederagen Helse","isPartOf":{"@id":"https:\/\/ederagenhelse.no\/ny2026\/#website"},"primaryImageOfPage":{"@id":"https:\/\/ederagenhelse.no\/ny2026\/sv\/hedrar-jan-raa-laxvaccinernas-fader\/#primaryimage"},"image":{"@id":"https:\/\/ederagenhelse.no\/ny2026\/sv\/hedrar-jan-raa-laxvaccinernas-fader\/#primaryimage"},"thumbnailUrl":"https:\/\/ederagenhelse.no\/ny2026\/wp-content\/uploads\/2025\/09\/eyJ3IjoyMDAwLCJmIjoid2VicCIsImsiOiI2ODUzODEyYzJlODc5ZDZlNmQ5ZTU3YTc5ODYzZTQ1MiIsImZwIjpbMC41LDBdLCJyIjoxLjUsIm8iOiJnbG9iYWwifQ.webp","datePublished":"2025-09-24T11:44:50+00:00","dateModified":"2025-09-24T11:49:25+00:00","breadcrumb":{"@id":"https:\/\/ederagenhelse.no\/ny2026\/sv\/hedrar-jan-raa-laxvaccinernas-fader\/#breadcrumb"},"inLanguage":"sv-SE","potentialAction":[{"@type":"ReadAction","target":["https:\/\/ederagenhelse.no\/ny2026\/sv\/hedrar-jan-raa-laxvaccinernas-fader\/"]}]},{"@type":"ImageObject","inLanguage":"sv-SE","@id":"https:\/\/ederagenhelse.no\/ny2026\/sv\/hedrar-jan-raa-laxvaccinernas-fader\/#primaryimage","url":"https:\/\/ederagenhelse.no\/ny2026\/wp-content\/uploads\/2025\/09\/eyJ3IjoyMDAwLCJmIjoid2VicCIsImsiOiI2ODUzODEyYzJlODc5ZDZlNmQ5ZTU3YTc5ODYzZTQ1MiIsImZwIjpbMC41LDBdLCJyIjoxLjUsIm8iOiJnbG9iYWwifQ.webp","contentUrl":"https:\/\/ederagenhelse.no\/ny2026\/wp-content\/uploads\/2025\/09\/eyJ3IjoyMDAwLCJmIjoid2VicCIsImsiOiI2ODUzODEyYzJlODc5ZDZlNmQ5ZTU3YTc5ODYzZTQ1MiIsImZwIjpbMC41LDBdLCJyIjoxLjUsIm8iOiJnbG9iYWwifQ.webp","width":2000,"height":1333},{"@type":"BreadcrumbList","@id":"https:\/\/ederagenhelse.no\/ny2026\/sv\/hedrar-jan-raa-laxvaccinernas-fader\/#breadcrumb","itemListElement":[{"@type":"ListItem","position":1,"name":"Hjem","item":"https:\/\/ederagenhelse.no\/ny2026\/sv\/"},{"@type":"ListItem","position":2,"name":"Hedrar Jan Raa &#8211; laxvaccinernas fader"}]},{"@type":"WebSite","@id":"https:\/\/ederagenhelse.no\/ny2026\/#website","url":"https:\/\/ederagenhelse.no\/ny2026\/","name":"Ederagen Helse","description":"Lidenskapelig opptatt av god helse og godt immunforsvar","publisher":{"@id":"https:\/\/ederagenhelse.no\/ny2026\/#organization"},"potentialAction":[{"@type":"SearchAction","target":{"@type":"EntryPoint","urlTemplate":"https:\/\/ederagenhelse.no\/ny2026\/?s={search_term_string}"},"query-input":{"@type":"PropertyValueSpecification","valueRequired":true,"valueName":"search_term_string"}}],"inLanguage":"sv-SE"},{"@type":"Organization","@id":"https:\/\/ederagenhelse.no\/ny2026\/#organization","name":"Ederagen Helse","url":"https:\/\/ederagenhelse.no\/ny2026\/","logo":{"@type":"ImageObject","inLanguage":"sv-SE","@id":"https:\/\/ederagenhelse.no\/ny2026\/#\/schema\/logo\/image\/","url":"https:\/\/ederagenhelse.no\/ny2026\/wp-content\/uploads\/2024\/02\/logo-hvit-1.png","contentUrl":"https:\/\/ederagenhelse.no\/ny2026\/wp-content\/uploads\/2024\/02\/logo-hvit-1.png","width":2560,"height":418,"caption":"Ederagen Helse "},"image":{"@id":"https:\/\/ederagenhelse.no\/ny2026\/#\/schema\/logo\/image\/"}},{"@type":"Person","@id":"https:\/\/ederagenhelse.no\/ny2026\/#\/schema\/person\/74757d93f8a85a1e181e605a334663fb","name":"EderaGen AS","image":{"@type":"ImageObject","inLanguage":"sv-SE","@id":"https:\/\/secure.gravatar.com\/avatar\/ca1e76409c73cddcce1a64f77a24b5018bd9099155edc8388775e81a32f397a2?s=96&d=mm&r=g","url":"https:\/\/secure.gravatar.com\/avatar\/ca1e76409c73cddcce1a64f77a24b5018bd9099155edc8388775e81a32f397a2?s=96&d=mm&r=g","contentUrl":"https:\/\/secure.gravatar.com\/avatar\/ca1e76409c73cddcce1a64f77a24b5018bd9099155edc8388775e81a32f397a2?s=96&d=mm&r=g","caption":"EderaGen AS"},"sameAs":["https:\/\/ny.ederagenhelse.no"],"url":"https:\/\/ederagenhelse.no\/ny2026\/sv\/author\/ederagen-as\/"}]}},"_links":{"self":[{"href":"https:\/\/ederagenhelse.no\/ny2026\/sv\/wp-json\/wp\/v2\/posts\/19401","targetHints":{"allow":["GET"]}}],"collection":[{"href":"https:\/\/ederagenhelse.no\/ny2026\/sv\/wp-json\/wp\/v2\/posts"}],"about":[{"href":"https:\/\/ederagenhelse.no\/ny2026\/sv\/wp-json\/wp\/v2\/types\/post"}],"author":[{"embeddable":true,"href":"https:\/\/ederagenhelse.no\/ny2026\/sv\/wp-json\/wp\/v2\/users\/1"}],"replies":[{"embeddable":true,"href":"https:\/\/ederagenhelse.no\/ny2026\/sv\/wp-json\/wp\/v2\/comments?post=19401"}],"version-history":[{"count":2,"href":"https:\/\/ederagenhelse.no\/ny2026\/sv\/wp-json\/wp\/v2\/posts\/19401\/revisions"}],"predecessor-version":[{"id":19409,"href":"https:\/\/ederagenhelse.no\/ny2026\/sv\/wp-json\/wp\/v2\/posts\/19401\/revisions\/19409"}],"wp:featuredmedia":[{"embeddable":true,"href":"https:\/\/ederagenhelse.no\/ny2026\/sv\/wp-json\/wp\/v2\/media\/19408"}],"wp:attachment":[{"href":"https:\/\/ederagenhelse.no\/ny2026\/sv\/wp-json\/wp\/v2\/media?parent=19401"}],"wp:term":[{"taxonomy":"category","embeddable":true,"href":"https:\/\/ederagenhelse.no\/ny2026\/sv\/wp-json\/wp\/v2\/categories?post=19401"},{"taxonomy":"post_tag","embeddable":true,"href":"https:\/\/ederagenhelse.no\/ny2026\/sv\/wp-json\/wp\/v2\/tags?post=19401"}],"curies":[{"name":"wp","href":"https:\/\/api.w.org\/{rel}","templated":true}]}}