{"id":19026,"date":"2025-09-04T09:19:37","date_gmt":"2025-09-04T09:19:37","guid":{"rendered":"https:\/\/ederagenhelse.no\/ny2026\/morten-isaksen-ny-styrelseledamot-i-ederagen-helse-as\/"},"modified":"2025-10-20T11:44:42","modified_gmt":"2025-10-20T11:44:42","slug":"morten-isaksen-ny-styrelseledamot-i-ederagen-helse-as","status":"publish","type":"post","link":"https:\/\/ederagenhelse.no\/ny2026\/sv\/morten-isaksen-ny-styrelseledamot-i-ederagen-helse-as\/","title":{"rendered":"Morten Isaksen ny styrelseledamot i EderaGen Helse AS"},"content":{"rendered":"\n<p>EderaGen Helse AS \u00e4r inne i en sp\u00e4nnande utveckling, inte minst p\u00e5 grund av den fantastiska nyheten om ett patent i <strong><a href=\"https:\/\/ederagenhelse.no\/ny2026\/sv\/goda-nyheter-vi-har-beviljats-ett-patent-i-usa-och-firar-med-ett-3-for-2-erbjudande\/\" target=\"_blank\" rel=\"noreferrer noopener\">USA<\/a><\/strong> och <a href=\"https:\/\/ederagenhelse.no\/ny2026\/sv\/vi-har-beviljats-ett-patent-i-japan-det-firar-vi-med-ett-sommarerbjudande\/\" target=\"_blank\" rel=\"noreferrer noopener\"><strong>Japan<\/strong><\/a>. Detta inneb\u00e4r stora m\u00f6jligheter och utmaningar och vi \u00e4r mycket glada \u00f6ver att kunna meddela att vi har f\u00f6rst\u00e4rkt teamet genom att ta in Morten Isaksen som ny styrelseledamot i EderaGen Helse AS. <br\/><br\/>&#8221;Med sin spetskompetens och l\u00e5nga erfarenhet inom omr\u00e5den av stor betydelse f\u00f6r bolagets utveckling \u00e4r vi mycket glada \u00f6ver att Morten har valt att komma ombord&#8221;, s\u00e4ger styrelseordf\u00f6rande Jan Raa i en kommentar.<br\/><br\/>Morten Isaksen \u00e4r k\u00e4nd fr\u00e5n Bio-Me AS, som han var med och grundade 2016 och d\u00e4r han har varit b\u00e5de VD och Chief Innovation Officer. Det \u00e4r ett bolag med stor expertis inom analys av tarmbakterier med hj\u00e4lp av avancerad DNA-teknik, vilket har gett Morten v\u00e4rdefull erfarenhet av patent, kliniska pr\u00f6vningar och aff\u00e4rsutveckling. Han har ocks\u00e5 tidigare etablerat och varit forskningschef p\u00e5 Genetic Analysis AS och har gedigen erfarenhet fr\u00e5n andra f\u00f6retag och befattningar, inte minst internationellt. Morten Isaksen har en doktorsexamen fr\u00e5n Oslo universitet.   <br\/><br\/>&#8221;Jag ser fram emot att f\u00e5 arbeta med den sp\u00e4nnande tekniken bakom EderaGen Health och det fantastiska teamet i bolaget. H\u00e4r finns en stor potential som jag ser fram emot att utveckla&#8221;, s\u00e4ger Morten.<br\/><br\/>&#8221;Det \u00e4r ingen tvekan om att Morten kommer att vara en resursperson n\u00e4r bolaget tar nya steg in p\u00e5 nya marknader och med sitt stora kontaktn\u00e4t kommer han ocks\u00e5 att vara viktig f\u00f6r att utnyttja de m\u00f6jligheter som patenten ger. Vi tror att detta s\u00e5 sm\u00e5ningom kommer att resultera i nya och sp\u00e4nnande produkter ut\u00f6ver de som EderaGen Helse AS s\u00e4ljer idag&#8221;, avslutar Jan Raa.<br\/><br\/>Vi v\u00e4lkomnar Morten ombord och h\u00e4nvisar till mer detaljerad information p\u00e5 hans egen <a href=\"https:\/\/www.linkedin.com\/in\/morten-isaksen-23b4411\/\" target=\"_blank\" rel=\"noreferrer noopener\"><strong>LinkedIn<\/strong><\/a>-sida.<\/p>\n","protected":false},"excerpt":{"rendered":"<p>EderaGen Helse AS \u00e4r inne i en sp\u00e4nnande utveckling, inte minst p\u00e5 grund av den fantastiska nyheten om ett patent i USA och Japan. Detta inneb\u00e4r stora m\u00f6jligheter och utmaningar och vi \u00e4r mycket glada \u00f6ver att kunna meddela att vi har f\u00f6rst\u00e4rkt teamet genom att ta in Morten Isaksen som ny styrelseledamot i EderaGen [&hellip;]<\/p>\n","protected":false},"author":1,"featured_media":19022,"comment_status":"closed","ping_status":"closed","sticky":false,"template":"","format":"standard","meta":{"footnotes":""},"categories":[28],"tags":[],"class_list":["post-19026","post","type-post","status-publish","format-standard","has-post-thumbnail","hentry","category-okategoriserad"],"yoast_head":"<!-- This site is optimized with the Yoast SEO plugin v27.4 - https:\/\/yoast.com\/product\/yoast-seo-wordpress\/ -->\n<title>Morten Isaksen ny styrelseledamot i EderaGen Helse AS - Ederagen Helse<\/title>\n<meta name=\"robots\" content=\"noindex, follow, max-snippet:-1, max-image-preview:large, max-video-preview:-1\" \/>\n<meta property=\"og:locale\" content=\"sv_SE\" \/>\n<meta property=\"og:type\" content=\"article\" \/>\n<meta property=\"og:title\" content=\"Morten Isaksen ny styrelseledamot i EderaGen Helse AS - Ederagen Helse\" \/>\n<meta property=\"og:description\" content=\"EderaGen Helse AS \u00e4r inne i en sp\u00e4nnande utveckling, inte minst p\u00e5 grund av den fantastiska nyheten om ett patent i USA och Japan. Detta inneb\u00e4r stora m\u00f6jligheter och utmaningar och vi \u00e4r mycket glada \u00f6ver att kunna meddela att vi har f\u00f6rst\u00e4rkt teamet genom att ta in Morten Isaksen som ny styrelseledamot i EderaGen [&hellip;]\" \/>\n<meta property=\"og:url\" content=\"https:\/\/ederagenhelse.no\/ny2026\/sv\/morten-isaksen-ny-styrelseledamot-i-ederagen-helse-as\/\" \/>\n<meta property=\"og:site_name\" content=\"Ederagen Helse\" \/>\n<meta property=\"article:published_time\" content=\"2025-09-04T09:19:37+00:00\" \/>\n<meta property=\"article:modified_time\" content=\"2025-10-20T11:44:42+00:00\" \/>\n<meta property=\"og:image\" content=\"https:\/\/ederagenhelse.no\/ny2026\/wp-content\/uploads\/2025\/09\/Morten.jpeg\" \/>\n\t<meta property=\"og:image:width\" content=\"480\" \/>\n\t<meta property=\"og:image:height\" content=\"545\" \/>\n\t<meta property=\"og:image:type\" content=\"image\/jpeg\" \/>\n<meta name=\"author\" content=\"EderaGen AS\" \/>\n<meta name=\"twitter:card\" content=\"summary_large_image\" \/>\n<meta name=\"twitter:label1\" content=\"Skriven av\" \/>\n\t<meta name=\"twitter:data1\" content=\"EderaGen AS\" \/>\n\t<meta name=\"twitter:label2\" content=\"Ber\u00e4knad l\u00e4stid\" \/>\n\t<meta name=\"twitter:data2\" content=\"2 minuter\" \/>\n<script type=\"application\/ld+json\" class=\"yoast-schema-graph\">{\"@context\":\"https:\\\/\\\/schema.org\",\"@graph\":[{\"@type\":\"Article\",\"@id\":\"https:\\\/\\\/ederagenhelse.no\\\/ny2026\\\/sv\\\/morten-isaksen-ny-styrelseledamot-i-ederagen-helse-as\\\/#article\",\"isPartOf\":{\"@id\":\"https:\\\/\\\/ederagenhelse.no\\\/ny2026\\\/sv\\\/morten-isaksen-ny-styrelseledamot-i-ederagen-helse-as\\\/\"},\"author\":{\"name\":\"EderaGen AS\",\"@id\":\"https:\\\/\\\/ederagenhelse.no\\\/ny2026\\\/#\\\/schema\\\/person\\\/74757d93f8a85a1e181e605a334663fb\"},\"headline\":\"Morten Isaksen ny styrelseledamot i EderaGen Helse AS\",\"datePublished\":\"2025-09-04T09:19:37+00:00\",\"dateModified\":\"2025-10-20T11:44:42+00:00\",\"mainEntityOfPage\":{\"@id\":\"https:\\\/\\\/ederagenhelse.no\\\/ny2026\\\/sv\\\/morten-isaksen-ny-styrelseledamot-i-ederagen-helse-as\\\/\"},\"wordCount\":330,\"publisher\":{\"@id\":\"https:\\\/\\\/ederagenhelse.no\\\/ny2026\\\/#organization\"},\"image\":{\"@id\":\"https:\\\/\\\/ederagenhelse.no\\\/ny2026\\\/sv\\\/morten-isaksen-ny-styrelseledamot-i-ederagen-helse-as\\\/#primaryimage\"},\"thumbnailUrl\":\"https:\\\/\\\/ederagenhelse.no\\\/ny2026\\\/wp-content\\\/uploads\\\/2025\\\/09\\\/Morten.jpeg\",\"articleSection\":[\"Okategoriserad\"],\"inLanguage\":\"sv-SE\"},{\"@type\":\"WebPage\",\"@id\":\"https:\\\/\\\/ederagenhelse.no\\\/ny2026\\\/sv\\\/morten-isaksen-ny-styrelseledamot-i-ederagen-helse-as\\\/\",\"url\":\"https:\\\/\\\/ederagenhelse.no\\\/ny2026\\\/sv\\\/morten-isaksen-ny-styrelseledamot-i-ederagen-helse-as\\\/\",\"name\":\"Morten Isaksen ny styrelseledamot i EderaGen Helse AS - Ederagen Helse\",\"isPartOf\":{\"@id\":\"https:\\\/\\\/ederagenhelse.no\\\/ny2026\\\/#website\"},\"primaryImageOfPage\":{\"@id\":\"https:\\\/\\\/ederagenhelse.no\\\/ny2026\\\/sv\\\/morten-isaksen-ny-styrelseledamot-i-ederagen-helse-as\\\/#primaryimage\"},\"image\":{\"@id\":\"https:\\\/\\\/ederagenhelse.no\\\/ny2026\\\/sv\\\/morten-isaksen-ny-styrelseledamot-i-ederagen-helse-as\\\/#primaryimage\"},\"thumbnailUrl\":\"https:\\\/\\\/ederagenhelse.no\\\/ny2026\\\/wp-content\\\/uploads\\\/2025\\\/09\\\/Morten.jpeg\",\"datePublished\":\"2025-09-04T09:19:37+00:00\",\"dateModified\":\"2025-10-20T11:44:42+00:00\",\"breadcrumb\":{\"@id\":\"https:\\\/\\\/ederagenhelse.no\\\/ny2026\\\/sv\\\/morten-isaksen-ny-styrelseledamot-i-ederagen-helse-as\\\/#breadcrumb\"},\"inLanguage\":\"sv-SE\",\"potentialAction\":[{\"@type\":\"ReadAction\",\"target\":[\"https:\\\/\\\/ederagenhelse.no\\\/ny2026\\\/sv\\\/morten-isaksen-ny-styrelseledamot-i-ederagen-helse-as\\\/\"]}]},{\"@type\":\"ImageObject\",\"inLanguage\":\"sv-SE\",\"@id\":\"https:\\\/\\\/ederagenhelse.no\\\/ny2026\\\/sv\\\/morten-isaksen-ny-styrelseledamot-i-ederagen-helse-as\\\/#primaryimage\",\"url\":\"https:\\\/\\\/ederagenhelse.no\\\/ny2026\\\/wp-content\\\/uploads\\\/2025\\\/09\\\/Morten.jpeg\",\"contentUrl\":\"https:\\\/\\\/ederagenhelse.no\\\/ny2026\\\/wp-content\\\/uploads\\\/2025\\\/09\\\/Morten.jpeg\",\"width\":480,\"height\":545},{\"@type\":\"BreadcrumbList\",\"@id\":\"https:\\\/\\\/ederagenhelse.no\\\/ny2026\\\/sv\\\/morten-isaksen-ny-styrelseledamot-i-ederagen-helse-as\\\/#breadcrumb\",\"itemListElement\":[{\"@type\":\"ListItem\",\"position\":1,\"name\":\"Hjem\",\"item\":\"https:\\\/\\\/ederagenhelse.no\\\/ny2026\\\/sv\\\/\"},{\"@type\":\"ListItem\",\"position\":2,\"name\":\"Morten Isaksen ny styrelseledamot i EderaGen Helse AS\"}]},{\"@type\":\"WebSite\",\"@id\":\"https:\\\/\\\/ederagenhelse.no\\\/ny2026\\\/#website\",\"url\":\"https:\\\/\\\/ederagenhelse.no\\\/ny2026\\\/\",\"name\":\"Ederagen Helse\",\"description\":\"Lidenskapelig opptatt av god helse og godt immunforsvar\",\"publisher\":{\"@id\":\"https:\\\/\\\/ederagenhelse.no\\\/ny2026\\\/#organization\"},\"potentialAction\":[{\"@type\":\"SearchAction\",\"target\":{\"@type\":\"EntryPoint\",\"urlTemplate\":\"https:\\\/\\\/ederagenhelse.no\\\/ny2026\\\/?s={search_term_string}\"},\"query-input\":{\"@type\":\"PropertyValueSpecification\",\"valueRequired\":true,\"valueName\":\"search_term_string\"}}],\"inLanguage\":\"sv-SE\"},{\"@type\":\"Organization\",\"@id\":\"https:\\\/\\\/ederagenhelse.no\\\/ny2026\\\/#organization\",\"name\":\"Ederagen Helse\",\"url\":\"https:\\\/\\\/ederagenhelse.no\\\/ny2026\\\/\",\"logo\":{\"@type\":\"ImageObject\",\"inLanguage\":\"sv-SE\",\"@id\":\"https:\\\/\\\/ederagenhelse.no\\\/ny2026\\\/#\\\/schema\\\/logo\\\/image\\\/\",\"url\":\"https:\\\/\\\/ederagenhelse.no\\\/ny2026\\\/wp-content\\\/uploads\\\/2024\\\/02\\\/logo-hvit-1.png\",\"contentUrl\":\"https:\\\/\\\/ederagenhelse.no\\\/ny2026\\\/wp-content\\\/uploads\\\/2024\\\/02\\\/logo-hvit-1.png\",\"width\":2560,\"height\":418,\"caption\":\"Ederagen Helse \"},\"image\":{\"@id\":\"https:\\\/\\\/ederagenhelse.no\\\/ny2026\\\/#\\\/schema\\\/logo\\\/image\\\/\"}},{\"@type\":\"Person\",\"@id\":\"https:\\\/\\\/ederagenhelse.no\\\/ny2026\\\/#\\\/schema\\\/person\\\/74757d93f8a85a1e181e605a334663fb\",\"name\":\"EderaGen AS\",\"image\":{\"@type\":\"ImageObject\",\"inLanguage\":\"sv-SE\",\"@id\":\"https:\\\/\\\/secure.gravatar.com\\\/avatar\\\/ca1e76409c73cddcce1a64f77a24b5018bd9099155edc8388775e81a32f397a2?s=96&d=mm&r=g\",\"url\":\"https:\\\/\\\/secure.gravatar.com\\\/avatar\\\/ca1e76409c73cddcce1a64f77a24b5018bd9099155edc8388775e81a32f397a2?s=96&d=mm&r=g\",\"contentUrl\":\"https:\\\/\\\/secure.gravatar.com\\\/avatar\\\/ca1e76409c73cddcce1a64f77a24b5018bd9099155edc8388775e81a32f397a2?s=96&d=mm&r=g\",\"caption\":\"EderaGen AS\"},\"sameAs\":[\"https:\\\/\\\/ny.ederagenhelse.no\"],\"url\":\"https:\\\/\\\/ederagenhelse.no\\\/ny2026\\\/sv\\\/author\\\/ederagen-as\\\/\"}]}<\/script>\n<!-- \/ Yoast SEO plugin. -->","yoast_head_json":{"title":"Morten Isaksen ny styrelseledamot i EderaGen Helse AS - Ederagen Helse","robots":{"index":"noindex","follow":"follow","max-snippet":"max-snippet:-1","max-image-preview":"max-image-preview:large","max-video-preview":"max-video-preview:-1"},"og_locale":"sv_SE","og_type":"article","og_title":"Morten Isaksen ny styrelseledamot i EderaGen Helse AS - Ederagen Helse","og_description":"EderaGen Helse AS \u00e4r inne i en sp\u00e4nnande utveckling, inte minst p\u00e5 grund av den fantastiska nyheten om ett patent i USA och Japan. Detta inneb\u00e4r stora m\u00f6jligheter och utmaningar och vi \u00e4r mycket glada \u00f6ver att kunna meddela att vi har f\u00f6rst\u00e4rkt teamet genom att ta in Morten Isaksen som ny styrelseledamot i EderaGen [&hellip;]","og_url":"https:\/\/ederagenhelse.no\/ny2026\/sv\/morten-isaksen-ny-styrelseledamot-i-ederagen-helse-as\/","og_site_name":"Ederagen Helse","article_published_time":"2025-09-04T09:19:37+00:00","article_modified_time":"2025-10-20T11:44:42+00:00","og_image":[{"width":480,"height":545,"url":"https:\/\/ederagenhelse.no\/ny2026\/wp-content\/uploads\/2025\/09\/Morten.jpeg","type":"image\/jpeg"}],"author":"EderaGen AS","twitter_card":"summary_large_image","twitter_misc":{"Skriven av":"EderaGen AS","Ber\u00e4knad l\u00e4stid":"2 minuter"},"schema":{"@context":"https:\/\/schema.org","@graph":[{"@type":"Article","@id":"https:\/\/ederagenhelse.no\/ny2026\/sv\/morten-isaksen-ny-styrelseledamot-i-ederagen-helse-as\/#article","isPartOf":{"@id":"https:\/\/ederagenhelse.no\/ny2026\/sv\/morten-isaksen-ny-styrelseledamot-i-ederagen-helse-as\/"},"author":{"name":"EderaGen AS","@id":"https:\/\/ederagenhelse.no\/ny2026\/#\/schema\/person\/74757d93f8a85a1e181e605a334663fb"},"headline":"Morten Isaksen ny styrelseledamot i EderaGen Helse AS","datePublished":"2025-09-04T09:19:37+00:00","dateModified":"2025-10-20T11:44:42+00:00","mainEntityOfPage":{"@id":"https:\/\/ederagenhelse.no\/ny2026\/sv\/morten-isaksen-ny-styrelseledamot-i-ederagen-helse-as\/"},"wordCount":330,"publisher":{"@id":"https:\/\/ederagenhelse.no\/ny2026\/#organization"},"image":{"@id":"https:\/\/ederagenhelse.no\/ny2026\/sv\/morten-isaksen-ny-styrelseledamot-i-ederagen-helse-as\/#primaryimage"},"thumbnailUrl":"https:\/\/ederagenhelse.no\/ny2026\/wp-content\/uploads\/2025\/09\/Morten.jpeg","articleSection":["Okategoriserad"],"inLanguage":"sv-SE"},{"@type":"WebPage","@id":"https:\/\/ederagenhelse.no\/ny2026\/sv\/morten-isaksen-ny-styrelseledamot-i-ederagen-helse-as\/","url":"https:\/\/ederagenhelse.no\/ny2026\/sv\/morten-isaksen-ny-styrelseledamot-i-ederagen-helse-as\/","name":"Morten Isaksen ny styrelseledamot i EderaGen Helse AS - Ederagen Helse","isPartOf":{"@id":"https:\/\/ederagenhelse.no\/ny2026\/#website"},"primaryImageOfPage":{"@id":"https:\/\/ederagenhelse.no\/ny2026\/sv\/morten-isaksen-ny-styrelseledamot-i-ederagen-helse-as\/#primaryimage"},"image":{"@id":"https:\/\/ederagenhelse.no\/ny2026\/sv\/morten-isaksen-ny-styrelseledamot-i-ederagen-helse-as\/#primaryimage"},"thumbnailUrl":"https:\/\/ederagenhelse.no\/ny2026\/wp-content\/uploads\/2025\/09\/Morten.jpeg","datePublished":"2025-09-04T09:19:37+00:00","dateModified":"2025-10-20T11:44:42+00:00","breadcrumb":{"@id":"https:\/\/ederagenhelse.no\/ny2026\/sv\/morten-isaksen-ny-styrelseledamot-i-ederagen-helse-as\/#breadcrumb"},"inLanguage":"sv-SE","potentialAction":[{"@type":"ReadAction","target":["https:\/\/ederagenhelse.no\/ny2026\/sv\/morten-isaksen-ny-styrelseledamot-i-ederagen-helse-as\/"]}]},{"@type":"ImageObject","inLanguage":"sv-SE","@id":"https:\/\/ederagenhelse.no\/ny2026\/sv\/morten-isaksen-ny-styrelseledamot-i-ederagen-helse-as\/#primaryimage","url":"https:\/\/ederagenhelse.no\/ny2026\/wp-content\/uploads\/2025\/09\/Morten.jpeg","contentUrl":"https:\/\/ederagenhelse.no\/ny2026\/wp-content\/uploads\/2025\/09\/Morten.jpeg","width":480,"height":545},{"@type":"BreadcrumbList","@id":"https:\/\/ederagenhelse.no\/ny2026\/sv\/morten-isaksen-ny-styrelseledamot-i-ederagen-helse-as\/#breadcrumb","itemListElement":[{"@type":"ListItem","position":1,"name":"Hjem","item":"https:\/\/ederagenhelse.no\/ny2026\/sv\/"},{"@type":"ListItem","position":2,"name":"Morten Isaksen ny styrelseledamot i EderaGen Helse AS"}]},{"@type":"WebSite","@id":"https:\/\/ederagenhelse.no\/ny2026\/#website","url":"https:\/\/ederagenhelse.no\/ny2026\/","name":"Ederagen Helse","description":"Lidenskapelig opptatt av god helse og godt immunforsvar","publisher":{"@id":"https:\/\/ederagenhelse.no\/ny2026\/#organization"},"potentialAction":[{"@type":"SearchAction","target":{"@type":"EntryPoint","urlTemplate":"https:\/\/ederagenhelse.no\/ny2026\/?s={search_term_string}"},"query-input":{"@type":"PropertyValueSpecification","valueRequired":true,"valueName":"search_term_string"}}],"inLanguage":"sv-SE"},{"@type":"Organization","@id":"https:\/\/ederagenhelse.no\/ny2026\/#organization","name":"Ederagen Helse","url":"https:\/\/ederagenhelse.no\/ny2026\/","logo":{"@type":"ImageObject","inLanguage":"sv-SE","@id":"https:\/\/ederagenhelse.no\/ny2026\/#\/schema\/logo\/image\/","url":"https:\/\/ederagenhelse.no\/ny2026\/wp-content\/uploads\/2024\/02\/logo-hvit-1.png","contentUrl":"https:\/\/ederagenhelse.no\/ny2026\/wp-content\/uploads\/2024\/02\/logo-hvit-1.png","width":2560,"height":418,"caption":"Ederagen Helse "},"image":{"@id":"https:\/\/ederagenhelse.no\/ny2026\/#\/schema\/logo\/image\/"}},{"@type":"Person","@id":"https:\/\/ederagenhelse.no\/ny2026\/#\/schema\/person\/74757d93f8a85a1e181e605a334663fb","name":"EderaGen AS","image":{"@type":"ImageObject","inLanguage":"sv-SE","@id":"https:\/\/secure.gravatar.com\/avatar\/ca1e76409c73cddcce1a64f77a24b5018bd9099155edc8388775e81a32f397a2?s=96&d=mm&r=g","url":"https:\/\/secure.gravatar.com\/avatar\/ca1e76409c73cddcce1a64f77a24b5018bd9099155edc8388775e81a32f397a2?s=96&d=mm&r=g","contentUrl":"https:\/\/secure.gravatar.com\/avatar\/ca1e76409c73cddcce1a64f77a24b5018bd9099155edc8388775e81a32f397a2?s=96&d=mm&r=g","caption":"EderaGen AS"},"sameAs":["https:\/\/ny.ederagenhelse.no"],"url":"https:\/\/ederagenhelse.no\/ny2026\/sv\/author\/ederagen-as\/"}]}},"_links":{"self":[{"href":"https:\/\/ederagenhelse.no\/ny2026\/sv\/wp-json\/wp\/v2\/posts\/19026","targetHints":{"allow":["GET"]}}],"collection":[{"href":"https:\/\/ederagenhelse.no\/ny2026\/sv\/wp-json\/wp\/v2\/posts"}],"about":[{"href":"https:\/\/ederagenhelse.no\/ny2026\/sv\/wp-json\/wp\/v2\/types\/post"}],"author":[{"embeddable":true,"href":"https:\/\/ederagenhelse.no\/ny2026\/sv\/wp-json\/wp\/v2\/users\/1"}],"replies":[{"embeddable":true,"href":"https:\/\/ederagenhelse.no\/ny2026\/sv\/wp-json\/wp\/v2\/comments?post=19026"}],"version-history":[{"count":2,"href":"https:\/\/ederagenhelse.no\/ny2026\/sv\/wp-json\/wp\/v2\/posts\/19026\/revisions"}],"predecessor-version":[{"id":19030,"href":"https:\/\/ederagenhelse.no\/ny2026\/sv\/wp-json\/wp\/v2\/posts\/19026\/revisions\/19030"}],"wp:featuredmedia":[{"embeddable":true,"href":"https:\/\/ederagenhelse.no\/ny2026\/sv\/wp-json\/wp\/v2\/media\/19022"}],"wp:attachment":[{"href":"https:\/\/ederagenhelse.no\/ny2026\/sv\/wp-json\/wp\/v2\/media?parent=19026"}],"wp:term":[{"taxonomy":"category","embeddable":true,"href":"https:\/\/ederagenhelse.no\/ny2026\/sv\/wp-json\/wp\/v2\/categories?post=19026"},{"taxonomy":"post_tag","embeddable":true,"href":"https:\/\/ederagenhelse.no\/ny2026\/sv\/wp-json\/wp\/v2\/tags?post=19026"}],"curies":[{"name":"wp","href":"https:\/\/api.w.org\/{rel}","templated":true}]}}