{"id":18841,"date":"2025-08-29T09:19:46","date_gmt":"2025-08-29T09:19:46","guid":{"rendered":"https:\/\/ederagenhelse.no\/ny2026\/vi-saljer-nu-ederagard-och-ecogard-till-sverige-och-danmark-copy\/"},"modified":"2025-09-01T09:44:44","modified_gmt":"2025-09-01T09:44:44","slug":"vi-saljer-nu-ederagard-och-ecogard-till-sverige-och-danmark-copy","status":"publish","type":"post","link":"https:\/\/ederagenhelse.no\/ny2026\/sv\/vi-saljer-nu-ederagard-och-ecogard-till-sverige-och-danmark-copy\/","title":{"rendered":"Vi s\u00e4ljer nu EderaGard\u00ae och EcoGard\u00ae till Sverige och Danmark"},"content":{"rendered":"\t\t<div data-elementor-type=\"wp-post\" data-elementor-id=\"18841\" class=\"elementor elementor-18841 elementor-18425\" data-elementor-post-type=\"post\">\n\t\t\t\t<div class=\"elementor-element elementor-element-52a28e95 e-flex e-con-boxed e-con e-parent\" data-id=\"52a28e95\" data-element_type=\"container\" data-e-type=\"container\">\n\t\t\t\t\t<div class=\"e-con-inner\">\n\t\t\t\t<div class=\"elementor-element elementor-element-510aecb0 elementor-widget elementor-widget-text-editor\" data-id=\"510aecb0\" data-element_type=\"widget\" data-e-type=\"widget\" data-widget_type=\"text-editor.default\">\n\t\t\t\t\t\t\t\t\t<p><\/p>\n<p>Vi har sett ett \u00f6kat intresse f\u00f6r v\u00e5ra produkter fr\u00e5n utlandet och \u00f6ppnar nu upp f\u00f6r ink\u00f6p av <sup>EderaGard\u00ae<\/sup> och <sup>EcoGard\u00ae<\/sup> fr\u00e5n Sverige och Danmark.<\/p>\n<p><\/p>\n<p><\/p>\n<p>V\u00e5r VD Knut Eirik Andersen s\u00e4ger att detta inneb\u00e4r en fyrdubbling av marknaden j\u00e4mf\u00f6rt med den inhemska f\u00f6rs\u00e4ljningen och att bolaget f\u00f6rv\u00e4ntar sig att detta kommer att utvecklas v\u00e4l \u00f6ver tid. &#8221;<em>Precis som vi beh\u00f6ver v\u00e5ra grannar f\u00f6rst\u00e4rka sitt medf\u00f6dda immunf\u00f6rsvar, och <sup>EcoGard\u00ae<\/sup> \u00e4r en fantastisk produkt som vi har mer \u00e4n 30 \u00e5rs erfarenhet av. Och som en v\u00e4rldsnyhet f\u00f6rv\u00e4ntar vi oss att <sup>EderaGard\u00ae<\/sup> s\u00e5 sm\u00e5ningom kommer att bli lika popul\u00e4r i Sverige och Danmark som h\u00e4r hemma. <sup>EderaGard\u00ae<\/sup> ers\u00e4tter den kontakt med naturen som har g\u00e5tt f\u00f6rlorad i det moderna samh\u00e4llet, n\u00e4mligen den viktiga kontakten med jorden  <\/em>.&#8221; Kunder i Sverige och Danmark best\u00e4ller i webbutiken p\u00e5 samma s\u00e4tt som v\u00e5ra norska kunder, med den skillnaden att de automatiskt kommer in p\u00e5 den svenska eller danska versionen av webbplatsen. Produkterna skickas fr\u00e5n Norge <\/p>\n<p><\/p>\n<p><\/p>\n<p><\/p>\t\t\t\t\t\t\t\t<\/div>\n\t\t\t\t\t<\/div>\n\t\t\t\t<\/div>\n\t\t\t\t<\/div>\n\t\t","protected":false},"excerpt":{"rendered":"<p>Vi har sett ett \u00f6kat intresse f\u00f6r v\u00e5ra produkter fr\u00e5n utlandet och \u00f6ppnar nu upp f\u00f6r ink\u00f6p av EderaGard\u00ae och EcoGard\u00ae fr\u00e5n Sverige och Danmark. V\u00e5r VD Knut Eirik Andersen s\u00e4ger att detta inneb\u00e4r en fyrdubbling av marknaden j\u00e4mf\u00f6rt med den inhemska f\u00f6rs\u00e4ljningen och att bolaget f\u00f6rv\u00e4ntar sig att detta kommer att utvecklas v\u00e4l \u00f6ver [&hellip;]<\/p>\n","protected":false},"author":1,"featured_media":17760,"comment_status":"closed","ping_status":"closed","sticky":false,"template":"","format":"standard","meta":{"footnotes":""},"categories":[28],"tags":[],"class_list":["post-18841","post","type-post","status-publish","format-standard","has-post-thumbnail","hentry","category-okategoriserad"],"yoast_head":"<!-- This site is optimized with the Yoast SEO plugin v27.4 - https:\/\/yoast.com\/product\/yoast-seo-wordpress\/ -->\n<title>Vi s\u00e4ljer nu EderaGard\u00ae och EcoGard\u00ae till Sverige och Danmark - Ederagen Helse<\/title>\n<meta name=\"robots\" content=\"noindex, follow, max-snippet:-1, max-image-preview:large, max-video-preview:-1\" \/>\n<meta property=\"og:locale\" content=\"sv_SE\" \/>\n<meta property=\"og:type\" content=\"article\" \/>\n<meta property=\"og:title\" content=\"Vi s\u00e4ljer nu EderaGard\u00ae och EcoGard\u00ae till Sverige och Danmark - Ederagen Helse\" \/>\n<meta property=\"og:description\" content=\"Vi har sett ett \u00f6kat intresse f\u00f6r v\u00e5ra produkter fr\u00e5n utlandet och \u00f6ppnar nu upp f\u00f6r ink\u00f6p av EderaGard\u00ae och EcoGard\u00ae fr\u00e5n Sverige och Danmark. V\u00e5r VD Knut Eirik Andersen s\u00e4ger att detta inneb\u00e4r en fyrdubbling av marknaden j\u00e4mf\u00f6rt med den inhemska f\u00f6rs\u00e4ljningen och att bolaget f\u00f6rv\u00e4ntar sig att detta kommer att utvecklas v\u00e4l \u00f6ver [&hellip;]\" \/>\n<meta property=\"og:url\" content=\"https:\/\/ederagenhelse.no\/ny2026\/sv\/vi-saljer-nu-ederagard-och-ecogard-till-sverige-och-danmark-copy\/\" \/>\n<meta property=\"og:site_name\" content=\"Ederagen Helse\" \/>\n<meta property=\"article:published_time\" content=\"2025-08-29T09:19:46+00:00\" \/>\n<meta property=\"article:modified_time\" content=\"2025-09-01T09:44:44+00:00\" \/>\n<meta property=\"og:image\" content=\"https:\/\/ederagenhelse.no\/ny2026\/wp-content\/uploads\/2025\/07\/Bilde1.jpg\" \/>\n\t<meta property=\"og:image:width\" content=\"974\" \/>\n\t<meta property=\"og:image:height\" content=\"690\" \/>\n\t<meta property=\"og:image:type\" content=\"image\/jpeg\" \/>\n<meta name=\"author\" content=\"EderaGen AS\" \/>\n<meta name=\"twitter:card\" content=\"summary_large_image\" \/>\n<meta name=\"twitter:label1\" content=\"Skriven av\" \/>\n\t<meta name=\"twitter:data1\" content=\"EderaGen AS\" \/>\n\t<meta name=\"twitter:label2\" content=\"Ber\u00e4knad l\u00e4stid\" \/>\n\t<meta name=\"twitter:data2\" content=\"1 minut\" \/>\n<script type=\"application\/ld+json\" class=\"yoast-schema-graph\">{\"@context\":\"https:\\\/\\\/schema.org\",\"@graph\":[{\"@type\":\"Article\",\"@id\":\"https:\\\/\\\/ederagenhelse.no\\\/ny2026\\\/sv\\\/vi-saljer-nu-ederagard-och-ecogard-till-sverige-och-danmark-copy\\\/#article\",\"isPartOf\":{\"@id\":\"https:\\\/\\\/ederagenhelse.no\\\/ny2026\\\/sv\\\/vi-saljer-nu-ederagard-och-ecogard-till-sverige-och-danmark-copy\\\/\"},\"author\":{\"name\":\"EderaGen AS\",\"@id\":\"https:\\\/\\\/ederagenhelse.no\\\/ny2026\\\/#\\\/schema\\\/person\\\/74757d93f8a85a1e181e605a334663fb\"},\"headline\":\"Vi s\u00e4ljer nu EderaGard\u00ae och EcoGard\u00ae till Sverige och Danmark\",\"datePublished\":\"2025-08-29T09:19:46+00:00\",\"dateModified\":\"2025-09-01T09:44:44+00:00\",\"mainEntityOfPage\":{\"@id\":\"https:\\\/\\\/ederagenhelse.no\\\/ny2026\\\/sv\\\/vi-saljer-nu-ederagard-och-ecogard-till-sverige-och-danmark-copy\\\/\"},\"wordCount\":206,\"publisher\":{\"@id\":\"https:\\\/\\\/ederagenhelse.no\\\/ny2026\\\/#organization\"},\"image\":{\"@id\":\"https:\\\/\\\/ederagenhelse.no\\\/ny2026\\\/sv\\\/vi-saljer-nu-ederagard-och-ecogard-till-sverige-och-danmark-copy\\\/#primaryimage\"},\"thumbnailUrl\":\"https:\\\/\\\/ederagenhelse.no\\\/ny2026\\\/wp-content\\\/uploads\\\/2025\\\/07\\\/Bilde1.jpg\",\"articleSection\":[\"Okategoriserad\"],\"inLanguage\":\"sv-SE\"},{\"@type\":\"WebPage\",\"@id\":\"https:\\\/\\\/ederagenhelse.no\\\/ny2026\\\/sv\\\/vi-saljer-nu-ederagard-och-ecogard-till-sverige-och-danmark-copy\\\/\",\"url\":\"https:\\\/\\\/ederagenhelse.no\\\/ny2026\\\/sv\\\/vi-saljer-nu-ederagard-och-ecogard-till-sverige-och-danmark-copy\\\/\",\"name\":\"Vi s\u00e4ljer nu EderaGard\u00ae och EcoGard\u00ae till Sverige och Danmark - Ederagen Helse\",\"isPartOf\":{\"@id\":\"https:\\\/\\\/ederagenhelse.no\\\/ny2026\\\/#website\"},\"primaryImageOfPage\":{\"@id\":\"https:\\\/\\\/ederagenhelse.no\\\/ny2026\\\/sv\\\/vi-saljer-nu-ederagard-och-ecogard-till-sverige-och-danmark-copy\\\/#primaryimage\"},\"image\":{\"@id\":\"https:\\\/\\\/ederagenhelse.no\\\/ny2026\\\/sv\\\/vi-saljer-nu-ederagard-och-ecogard-till-sverige-och-danmark-copy\\\/#primaryimage\"},\"thumbnailUrl\":\"https:\\\/\\\/ederagenhelse.no\\\/ny2026\\\/wp-content\\\/uploads\\\/2025\\\/07\\\/Bilde1.jpg\",\"datePublished\":\"2025-08-29T09:19:46+00:00\",\"dateModified\":\"2025-09-01T09:44:44+00:00\",\"breadcrumb\":{\"@id\":\"https:\\\/\\\/ederagenhelse.no\\\/ny2026\\\/sv\\\/vi-saljer-nu-ederagard-och-ecogard-till-sverige-och-danmark-copy\\\/#breadcrumb\"},\"inLanguage\":\"sv-SE\",\"potentialAction\":[{\"@type\":\"ReadAction\",\"target\":[\"https:\\\/\\\/ederagenhelse.no\\\/ny2026\\\/sv\\\/vi-saljer-nu-ederagard-och-ecogard-till-sverige-och-danmark-copy\\\/\"]}]},{\"@type\":\"ImageObject\",\"inLanguage\":\"sv-SE\",\"@id\":\"https:\\\/\\\/ederagenhelse.no\\\/ny2026\\\/sv\\\/vi-saljer-nu-ederagard-och-ecogard-till-sverige-och-danmark-copy\\\/#primaryimage\",\"url\":\"https:\\\/\\\/ederagenhelse.no\\\/ny2026\\\/wp-content\\\/uploads\\\/2025\\\/07\\\/Bilde1.jpg\",\"contentUrl\":\"https:\\\/\\\/ederagenhelse.no\\\/ny2026\\\/wp-content\\\/uploads\\\/2025\\\/07\\\/Bilde1.jpg\",\"width\":974,\"height\":690},{\"@type\":\"BreadcrumbList\",\"@id\":\"https:\\\/\\\/ederagenhelse.no\\\/ny2026\\\/sv\\\/vi-saljer-nu-ederagard-och-ecogard-till-sverige-och-danmark-copy\\\/#breadcrumb\",\"itemListElement\":[{\"@type\":\"ListItem\",\"position\":1,\"name\":\"Hjem\",\"item\":\"https:\\\/\\\/ederagenhelse.no\\\/ny2026\\\/sv\\\/\"},{\"@type\":\"ListItem\",\"position\":2,\"name\":\"Vi s\u00e4ljer nu EderaGard\u00ae och EcoGard\u00ae till Sverige och Danmark\"}]},{\"@type\":\"WebSite\",\"@id\":\"https:\\\/\\\/ederagenhelse.no\\\/ny2026\\\/#website\",\"url\":\"https:\\\/\\\/ederagenhelse.no\\\/ny2026\\\/\",\"name\":\"Ederagen Helse\",\"description\":\"Lidenskapelig opptatt av god helse og godt immunforsvar\",\"publisher\":{\"@id\":\"https:\\\/\\\/ederagenhelse.no\\\/ny2026\\\/#organization\"},\"potentialAction\":[{\"@type\":\"SearchAction\",\"target\":{\"@type\":\"EntryPoint\",\"urlTemplate\":\"https:\\\/\\\/ederagenhelse.no\\\/ny2026\\\/?s={search_term_string}\"},\"query-input\":{\"@type\":\"PropertyValueSpecification\",\"valueRequired\":true,\"valueName\":\"search_term_string\"}}],\"inLanguage\":\"sv-SE\"},{\"@type\":\"Organization\",\"@id\":\"https:\\\/\\\/ederagenhelse.no\\\/ny2026\\\/#organization\",\"name\":\"Ederagen Helse\",\"url\":\"https:\\\/\\\/ederagenhelse.no\\\/ny2026\\\/\",\"logo\":{\"@type\":\"ImageObject\",\"inLanguage\":\"sv-SE\",\"@id\":\"https:\\\/\\\/ederagenhelse.no\\\/ny2026\\\/#\\\/schema\\\/logo\\\/image\\\/\",\"url\":\"https:\\\/\\\/ederagenhelse.no\\\/ny2026\\\/wp-content\\\/uploads\\\/2024\\\/02\\\/logo-hvit-1.png\",\"contentUrl\":\"https:\\\/\\\/ederagenhelse.no\\\/ny2026\\\/wp-content\\\/uploads\\\/2024\\\/02\\\/logo-hvit-1.png\",\"width\":2560,\"height\":418,\"caption\":\"Ederagen Helse \"},\"image\":{\"@id\":\"https:\\\/\\\/ederagenhelse.no\\\/ny2026\\\/#\\\/schema\\\/logo\\\/image\\\/\"}},{\"@type\":\"Person\",\"@id\":\"https:\\\/\\\/ederagenhelse.no\\\/ny2026\\\/#\\\/schema\\\/person\\\/74757d93f8a85a1e181e605a334663fb\",\"name\":\"EderaGen AS\",\"image\":{\"@type\":\"ImageObject\",\"inLanguage\":\"sv-SE\",\"@id\":\"https:\\\/\\\/secure.gravatar.com\\\/avatar\\\/ca1e76409c73cddcce1a64f77a24b5018bd9099155edc8388775e81a32f397a2?s=96&d=mm&r=g\",\"url\":\"https:\\\/\\\/secure.gravatar.com\\\/avatar\\\/ca1e76409c73cddcce1a64f77a24b5018bd9099155edc8388775e81a32f397a2?s=96&d=mm&r=g\",\"contentUrl\":\"https:\\\/\\\/secure.gravatar.com\\\/avatar\\\/ca1e76409c73cddcce1a64f77a24b5018bd9099155edc8388775e81a32f397a2?s=96&d=mm&r=g\",\"caption\":\"EderaGen AS\"},\"sameAs\":[\"https:\\\/\\\/ny.ederagenhelse.no\"],\"url\":\"https:\\\/\\\/ederagenhelse.no\\\/ny2026\\\/sv\\\/author\\\/ederagen-as\\\/\"}]}<\/script>\n<!-- \/ Yoast SEO plugin. -->","yoast_head_json":{"title":"Vi s\u00e4ljer nu EderaGard\u00ae och EcoGard\u00ae till Sverige och Danmark - Ederagen Helse","robots":{"index":"noindex","follow":"follow","max-snippet":"max-snippet:-1","max-image-preview":"max-image-preview:large","max-video-preview":"max-video-preview:-1"},"og_locale":"sv_SE","og_type":"article","og_title":"Vi s\u00e4ljer nu EderaGard\u00ae och EcoGard\u00ae till Sverige och Danmark - Ederagen Helse","og_description":"Vi har sett ett \u00f6kat intresse f\u00f6r v\u00e5ra produkter fr\u00e5n utlandet och \u00f6ppnar nu upp f\u00f6r ink\u00f6p av EderaGard\u00ae och EcoGard\u00ae fr\u00e5n Sverige och Danmark. V\u00e5r VD Knut Eirik Andersen s\u00e4ger att detta inneb\u00e4r en fyrdubbling av marknaden j\u00e4mf\u00f6rt med den inhemska f\u00f6rs\u00e4ljningen och att bolaget f\u00f6rv\u00e4ntar sig att detta kommer att utvecklas v\u00e4l \u00f6ver [&hellip;]","og_url":"https:\/\/ederagenhelse.no\/ny2026\/sv\/vi-saljer-nu-ederagard-och-ecogard-till-sverige-och-danmark-copy\/","og_site_name":"Ederagen Helse","article_published_time":"2025-08-29T09:19:46+00:00","article_modified_time":"2025-09-01T09:44:44+00:00","og_image":[{"width":974,"height":690,"url":"https:\/\/ederagenhelse.no\/ny2026\/wp-content\/uploads\/2025\/07\/Bilde1.jpg","type":"image\/jpeg"}],"author":"EderaGen AS","twitter_card":"summary_large_image","twitter_misc":{"Skriven av":"EderaGen AS","Ber\u00e4knad l\u00e4stid":"1 minut"},"schema":{"@context":"https:\/\/schema.org","@graph":[{"@type":"Article","@id":"https:\/\/ederagenhelse.no\/ny2026\/sv\/vi-saljer-nu-ederagard-och-ecogard-till-sverige-och-danmark-copy\/#article","isPartOf":{"@id":"https:\/\/ederagenhelse.no\/ny2026\/sv\/vi-saljer-nu-ederagard-och-ecogard-till-sverige-och-danmark-copy\/"},"author":{"name":"EderaGen AS","@id":"https:\/\/ederagenhelse.no\/ny2026\/#\/schema\/person\/74757d93f8a85a1e181e605a334663fb"},"headline":"Vi s\u00e4ljer nu EderaGard\u00ae och EcoGard\u00ae till Sverige och Danmark","datePublished":"2025-08-29T09:19:46+00:00","dateModified":"2025-09-01T09:44:44+00:00","mainEntityOfPage":{"@id":"https:\/\/ederagenhelse.no\/ny2026\/sv\/vi-saljer-nu-ederagard-och-ecogard-till-sverige-och-danmark-copy\/"},"wordCount":206,"publisher":{"@id":"https:\/\/ederagenhelse.no\/ny2026\/#organization"},"image":{"@id":"https:\/\/ederagenhelse.no\/ny2026\/sv\/vi-saljer-nu-ederagard-och-ecogard-till-sverige-och-danmark-copy\/#primaryimage"},"thumbnailUrl":"https:\/\/ederagenhelse.no\/ny2026\/wp-content\/uploads\/2025\/07\/Bilde1.jpg","articleSection":["Okategoriserad"],"inLanguage":"sv-SE"},{"@type":"WebPage","@id":"https:\/\/ederagenhelse.no\/ny2026\/sv\/vi-saljer-nu-ederagard-och-ecogard-till-sverige-och-danmark-copy\/","url":"https:\/\/ederagenhelse.no\/ny2026\/sv\/vi-saljer-nu-ederagard-och-ecogard-till-sverige-och-danmark-copy\/","name":"Vi s\u00e4ljer nu EderaGard\u00ae och EcoGard\u00ae till Sverige och Danmark - Ederagen Helse","isPartOf":{"@id":"https:\/\/ederagenhelse.no\/ny2026\/#website"},"primaryImageOfPage":{"@id":"https:\/\/ederagenhelse.no\/ny2026\/sv\/vi-saljer-nu-ederagard-och-ecogard-till-sverige-och-danmark-copy\/#primaryimage"},"image":{"@id":"https:\/\/ederagenhelse.no\/ny2026\/sv\/vi-saljer-nu-ederagard-och-ecogard-till-sverige-och-danmark-copy\/#primaryimage"},"thumbnailUrl":"https:\/\/ederagenhelse.no\/ny2026\/wp-content\/uploads\/2025\/07\/Bilde1.jpg","datePublished":"2025-08-29T09:19:46+00:00","dateModified":"2025-09-01T09:44:44+00:00","breadcrumb":{"@id":"https:\/\/ederagenhelse.no\/ny2026\/sv\/vi-saljer-nu-ederagard-och-ecogard-till-sverige-och-danmark-copy\/#breadcrumb"},"inLanguage":"sv-SE","potentialAction":[{"@type":"ReadAction","target":["https:\/\/ederagenhelse.no\/ny2026\/sv\/vi-saljer-nu-ederagard-och-ecogard-till-sverige-och-danmark-copy\/"]}]},{"@type":"ImageObject","inLanguage":"sv-SE","@id":"https:\/\/ederagenhelse.no\/ny2026\/sv\/vi-saljer-nu-ederagard-och-ecogard-till-sverige-och-danmark-copy\/#primaryimage","url":"https:\/\/ederagenhelse.no\/ny2026\/wp-content\/uploads\/2025\/07\/Bilde1.jpg","contentUrl":"https:\/\/ederagenhelse.no\/ny2026\/wp-content\/uploads\/2025\/07\/Bilde1.jpg","width":974,"height":690},{"@type":"BreadcrumbList","@id":"https:\/\/ederagenhelse.no\/ny2026\/sv\/vi-saljer-nu-ederagard-och-ecogard-till-sverige-och-danmark-copy\/#breadcrumb","itemListElement":[{"@type":"ListItem","position":1,"name":"Hjem","item":"https:\/\/ederagenhelse.no\/ny2026\/sv\/"},{"@type":"ListItem","position":2,"name":"Vi s\u00e4ljer nu EderaGard\u00ae och EcoGard\u00ae till Sverige och Danmark"}]},{"@type":"WebSite","@id":"https:\/\/ederagenhelse.no\/ny2026\/#website","url":"https:\/\/ederagenhelse.no\/ny2026\/","name":"Ederagen Helse","description":"Lidenskapelig opptatt av god helse og godt immunforsvar","publisher":{"@id":"https:\/\/ederagenhelse.no\/ny2026\/#organization"},"potentialAction":[{"@type":"SearchAction","target":{"@type":"EntryPoint","urlTemplate":"https:\/\/ederagenhelse.no\/ny2026\/?s={search_term_string}"},"query-input":{"@type":"PropertyValueSpecification","valueRequired":true,"valueName":"search_term_string"}}],"inLanguage":"sv-SE"},{"@type":"Organization","@id":"https:\/\/ederagenhelse.no\/ny2026\/#organization","name":"Ederagen Helse","url":"https:\/\/ederagenhelse.no\/ny2026\/","logo":{"@type":"ImageObject","inLanguage":"sv-SE","@id":"https:\/\/ederagenhelse.no\/ny2026\/#\/schema\/logo\/image\/","url":"https:\/\/ederagenhelse.no\/ny2026\/wp-content\/uploads\/2024\/02\/logo-hvit-1.png","contentUrl":"https:\/\/ederagenhelse.no\/ny2026\/wp-content\/uploads\/2024\/02\/logo-hvit-1.png","width":2560,"height":418,"caption":"Ederagen Helse "},"image":{"@id":"https:\/\/ederagenhelse.no\/ny2026\/#\/schema\/logo\/image\/"}},{"@type":"Person","@id":"https:\/\/ederagenhelse.no\/ny2026\/#\/schema\/person\/74757d93f8a85a1e181e605a334663fb","name":"EderaGen AS","image":{"@type":"ImageObject","inLanguage":"sv-SE","@id":"https:\/\/secure.gravatar.com\/avatar\/ca1e76409c73cddcce1a64f77a24b5018bd9099155edc8388775e81a32f397a2?s=96&d=mm&r=g","url":"https:\/\/secure.gravatar.com\/avatar\/ca1e76409c73cddcce1a64f77a24b5018bd9099155edc8388775e81a32f397a2?s=96&d=mm&r=g","contentUrl":"https:\/\/secure.gravatar.com\/avatar\/ca1e76409c73cddcce1a64f77a24b5018bd9099155edc8388775e81a32f397a2?s=96&d=mm&r=g","caption":"EderaGen AS"},"sameAs":["https:\/\/ny.ederagenhelse.no"],"url":"https:\/\/ederagenhelse.no\/ny2026\/sv\/author\/ederagen-as\/"}]}},"_links":{"self":[{"href":"https:\/\/ederagenhelse.no\/ny2026\/sv\/wp-json\/wp\/v2\/posts\/18841","targetHints":{"allow":["GET"]}}],"collection":[{"href":"https:\/\/ederagenhelse.no\/ny2026\/sv\/wp-json\/wp\/v2\/posts"}],"about":[{"href":"https:\/\/ederagenhelse.no\/ny2026\/sv\/wp-json\/wp\/v2\/types\/post"}],"author":[{"embeddable":true,"href":"https:\/\/ederagenhelse.no\/ny2026\/sv\/wp-json\/wp\/v2\/users\/1"}],"replies":[{"embeddable":true,"href":"https:\/\/ederagenhelse.no\/ny2026\/sv\/wp-json\/wp\/v2\/comments?post=18841"}],"version-history":[{"count":4,"href":"https:\/\/ederagenhelse.no\/ny2026\/sv\/wp-json\/wp\/v2\/posts\/18841\/revisions"}],"predecessor-version":[{"id":18962,"href":"https:\/\/ederagenhelse.no\/ny2026\/sv\/wp-json\/wp\/v2\/posts\/18841\/revisions\/18962"}],"wp:featuredmedia":[{"embeddable":true,"href":"https:\/\/ederagenhelse.no\/ny2026\/sv\/wp-json\/wp\/v2\/media\/17760"}],"wp:attachment":[{"href":"https:\/\/ederagenhelse.no\/ny2026\/sv\/wp-json\/wp\/v2\/media?parent=18841"}],"wp:term":[{"taxonomy":"category","embeddable":true,"href":"https:\/\/ederagenhelse.no\/ny2026\/sv\/wp-json\/wp\/v2\/categories?post=18841"},{"taxonomy":"post_tag","embeddable":true,"href":"https:\/\/ederagenhelse.no\/ny2026\/sv\/wp-json\/wp\/v2\/tags?post=18841"}],"curies":[{"name":"wp","href":"https:\/\/api.w.org\/{rel}","templated":true}]}}