{"id":18576,"date":"2025-08-18T14:08:12","date_gmt":"2025-08-18T14:08:12","guid":{"rendered":"https:\/\/ederagenhelse.no\/ny2026\/jan-raa-om-tarmflora-och-paradigmskiften\/"},"modified":"2025-08-18T14:08:31","modified_gmt":"2025-08-18T14:08:31","slug":"jan-raa-om-tarmflora-och-paradigmskiften","status":"publish","type":"post","link":"https:\/\/ederagenhelse.no\/ny2026\/sv\/jan-raa-om-tarmflora-och-paradigmskiften\/","title":{"rendered":"Jan Raa om tarmflora och paradigmskiften"},"content":{"rendered":"\n<p>Medan de flesta norrm\u00e4n har varit p\u00e5 semester och samlat vinster inf\u00f6r h\u00f6sten och vintern har v\u00e5r sedan l\u00e4nge pensionerade ordf\u00f6rande Jan Raa inte vilat p\u00e5 lagrarna. Som den popul\u00e4ra intervjuperson han \u00e4r delar han \u00e5terigen med sig av sina kunskaper och erfarenheter i podcasten <strong><a href=\"https:\/\/open.spotify.com\/episode\/4KrggVgwg49Dlzl5L7bt8p\">F\u00f6rundringspodden Mat &amp; beteende<\/a><\/strong>. Den h\u00e4r g\u00e5ngen handlar det om varf\u00f6r vi beh\u00f6ver en grundl\u00e4ggande f\u00f6r\u00e4ndring inom medicinen s\u00e5 att vi arbetar med v\u00e5ra bakterier, inte mot dem.  <br\/><br\/>Mikrober \u00e4r kort sagt v\u00e5ra v\u00e4nner och viktiga f\u00f6r att vi ska h\u00e5lla oss friska. Raa belyser viktiga syrek\u00e4nsliga bakterier &#8221;med fina namn&#8221; som sp\u00e4dbarn, barn och vuxna m\u00e5ste ta hand om. <br\/><br\/>Detta \u00e4r s\u00e4rskilt viktigt f\u00f6r sp\u00e4dbarn som har f\u00e5tt mikrober fr\u00e5n sina mammor vid f\u00f6dseln. Raa p\u00e5minner oss om att br\u00f6stmj\u00f6lken inte bara ger n\u00e4ring \u00e5t barnet, utan ocks\u00e5 \u00e5t dessa mikrober som \u00e4r viktiga att ta hand om. \u00c4ven hos vuxna \u00e4r maten vi \u00e4ter mat f\u00f6r b\u00e5de oss och v\u00e5ra mikrober, och tyv\u00e4rr \u00e4r det s\u00e5 att med v\u00e5r moderna kost \u00e4r det de nyttiga mikroberna som minskar eller f\u00f6rsvinner helt.  <br\/><br\/>Raa f\u00f6rklarar att det \u00e4r samma bakterier som f\u00f6rsvinner hos cancerpatienter som svarar d\u00e5ligt p\u00e5 konventionell cancerbehandling och immunterapi, och fr\u00e5gar sig om det finns en gemensam n\u00e4mnare n\u00e4r sambandet mellan kost och psykisk h\u00e4lsa, depression, astma, allergier och mycket annat hamnar alltmer i rampljuset. Men i det drygt timsl\u00e5nga avsnittet av programmet tar han ocks\u00e5 upp m\u00e5nga andra \u00e4mnen &#8211; fr\u00e5n kinesiska vetenskapsm\u00e4n till fekala transplantationer och mycket mer. Lyssna p\u00e5 podcasten p\u00e5 Spotify <a href=\"https:\/\/open.spotify.com\/episode\/4KrggVgwg49Dlzl5L7bt8p\"><strong>lyssna h\u00e4r<\/strong><\/a>.  <\/p>\n\n<p><\/p>\n","protected":false},"excerpt":{"rendered":"<p>Medan de flesta norrm\u00e4n har varit p\u00e5 semester och samlat vinster inf\u00f6r h\u00f6sten och vintern har v\u00e5r sedan l\u00e4nge pensionerade ordf\u00f6rande Jan Raa inte vilat p\u00e5 lagrarna. Som den popul\u00e4ra intervjuperson han \u00e4r delar han \u00e5terigen med sig av sina kunskaper och erfarenheter i podcasten F\u00f6rundringspodden Mat &amp; beteende. Den h\u00e4r g\u00e5ngen handlar det om [&hellip;]<\/p>\n","protected":false},"author":1,"featured_media":18568,"comment_status":"closed","ping_status":"closed","sticky":false,"template":"","format":"standard","meta":{"footnotes":""},"categories":[28],"tags":[],"class_list":["post-18576","post","type-post","status-publish","format-standard","has-post-thumbnail","hentry","category-okategoriserad"],"yoast_head":"<!-- This site is optimized with the Yoast SEO plugin v27.4 - https:\/\/yoast.com\/product\/yoast-seo-wordpress\/ -->\n<title>Jan Raa om tarmflora och paradigmskiften - Ederagen Helse<\/title>\n<meta name=\"robots\" content=\"noindex, follow, max-snippet:-1, max-image-preview:large, max-video-preview:-1\" \/>\n<meta property=\"og:locale\" content=\"sv_SE\" \/>\n<meta property=\"og:type\" content=\"article\" \/>\n<meta property=\"og:title\" content=\"Jan Raa om tarmflora och paradigmskiften - Ederagen Helse\" \/>\n<meta property=\"og:description\" content=\"Medan de flesta norrm\u00e4n har varit p\u00e5 semester och samlat vinster inf\u00f6r h\u00f6sten och vintern har v\u00e5r sedan l\u00e4nge pensionerade ordf\u00f6rande Jan Raa inte vilat p\u00e5 lagrarna. Som den popul\u00e4ra intervjuperson han \u00e4r delar han \u00e5terigen med sig av sina kunskaper och erfarenheter i podcasten F\u00f6rundringspodden Mat &amp; beteende. Den h\u00e4r g\u00e5ngen handlar det om [&hellip;]\" \/>\n<meta property=\"og:url\" content=\"https:\/\/ederagenhelse.no\/ny2026\/sv\/jan-raa-om-tarmflora-och-paradigmskiften\/\" \/>\n<meta property=\"og:site_name\" content=\"Ederagen Helse\" \/>\n<meta property=\"article:published_time\" content=\"2025-08-18T14:08:12+00:00\" \/>\n<meta property=\"article:modified_time\" content=\"2025-08-18T14:08:31+00:00\" \/>\n<meta property=\"og:image\" content=\"https:\/\/ederagenhelse.no\/ny2026\/wp-content\/uploads\/2025\/08\/shutterstock_2465050755-scaled.jpg\" \/>\n\t<meta property=\"og:image:width\" content=\"2560\" \/>\n\t<meta property=\"og:image:height\" content=\"1869\" \/>\n\t<meta property=\"og:image:type\" content=\"image\/jpeg\" \/>\n<meta name=\"author\" content=\"EderaGen AS\" \/>\n<meta name=\"twitter:card\" content=\"summary_large_image\" \/>\n<meta name=\"twitter:label1\" content=\"Skriven av\" \/>\n\t<meta name=\"twitter:data1\" content=\"EderaGen AS\" \/>\n\t<meta name=\"twitter:label2\" content=\"Ber\u00e4knad l\u00e4stid\" \/>\n\t<meta name=\"twitter:data2\" content=\"2 minuter\" \/>\n<script type=\"application\/ld+json\" class=\"yoast-schema-graph\">{\"@context\":\"https:\\\/\\\/schema.org\",\"@graph\":[{\"@type\":\"Article\",\"@id\":\"https:\\\/\\\/ederagenhelse.no\\\/ny2026\\\/sv\\\/jan-raa-om-tarmflora-och-paradigmskiften\\\/#article\",\"isPartOf\":{\"@id\":\"https:\\\/\\\/ederagenhelse.no\\\/ny2026\\\/sv\\\/jan-raa-om-tarmflora-och-paradigmskiften\\\/\"},\"author\":{\"name\":\"EderaGen AS\",\"@id\":\"https:\\\/\\\/ederagenhelse.no\\\/ny2026\\\/#\\\/schema\\\/person\\\/74757d93f8a85a1e181e605a334663fb\"},\"headline\":\"Jan Raa om tarmflora och paradigmskiften\",\"datePublished\":\"2025-08-18T14:08:12+00:00\",\"dateModified\":\"2025-08-18T14:08:31+00:00\",\"mainEntityOfPage\":{\"@id\":\"https:\\\/\\\/ederagenhelse.no\\\/ny2026\\\/sv\\\/jan-raa-om-tarmflora-och-paradigmskiften\\\/\"},\"wordCount\":312,\"publisher\":{\"@id\":\"https:\\\/\\\/ederagenhelse.no\\\/ny2026\\\/#organization\"},\"image\":{\"@id\":\"https:\\\/\\\/ederagenhelse.no\\\/ny2026\\\/sv\\\/jan-raa-om-tarmflora-och-paradigmskiften\\\/#primaryimage\"},\"thumbnailUrl\":\"https:\\\/\\\/ederagenhelse.no\\\/ny2026\\\/wp-content\\\/uploads\\\/2025\\\/08\\\/shutterstock_2465050755-scaled.jpg\",\"articleSection\":[\"Okategoriserad\"],\"inLanguage\":\"sv-SE\"},{\"@type\":\"WebPage\",\"@id\":\"https:\\\/\\\/ederagenhelse.no\\\/ny2026\\\/sv\\\/jan-raa-om-tarmflora-och-paradigmskiften\\\/\",\"url\":\"https:\\\/\\\/ederagenhelse.no\\\/ny2026\\\/sv\\\/jan-raa-om-tarmflora-och-paradigmskiften\\\/\",\"name\":\"Jan Raa om tarmflora och paradigmskiften - Ederagen Helse\",\"isPartOf\":{\"@id\":\"https:\\\/\\\/ederagenhelse.no\\\/ny2026\\\/#website\"},\"primaryImageOfPage\":{\"@id\":\"https:\\\/\\\/ederagenhelse.no\\\/ny2026\\\/sv\\\/jan-raa-om-tarmflora-och-paradigmskiften\\\/#primaryimage\"},\"image\":{\"@id\":\"https:\\\/\\\/ederagenhelse.no\\\/ny2026\\\/sv\\\/jan-raa-om-tarmflora-och-paradigmskiften\\\/#primaryimage\"},\"thumbnailUrl\":\"https:\\\/\\\/ederagenhelse.no\\\/ny2026\\\/wp-content\\\/uploads\\\/2025\\\/08\\\/shutterstock_2465050755-scaled.jpg\",\"datePublished\":\"2025-08-18T14:08:12+00:00\",\"dateModified\":\"2025-08-18T14:08:31+00:00\",\"breadcrumb\":{\"@id\":\"https:\\\/\\\/ederagenhelse.no\\\/ny2026\\\/sv\\\/jan-raa-om-tarmflora-och-paradigmskiften\\\/#breadcrumb\"},\"inLanguage\":\"sv-SE\",\"potentialAction\":[{\"@type\":\"ReadAction\",\"target\":[\"https:\\\/\\\/ederagenhelse.no\\\/ny2026\\\/sv\\\/jan-raa-om-tarmflora-och-paradigmskiften\\\/\"]}]},{\"@type\":\"ImageObject\",\"inLanguage\":\"sv-SE\",\"@id\":\"https:\\\/\\\/ederagenhelse.no\\\/ny2026\\\/sv\\\/jan-raa-om-tarmflora-och-paradigmskiften\\\/#primaryimage\",\"url\":\"https:\\\/\\\/ederagenhelse.no\\\/ny2026\\\/wp-content\\\/uploads\\\/2025\\\/08\\\/shutterstock_2465050755-scaled.jpg\",\"contentUrl\":\"https:\\\/\\\/ederagenhelse.no\\\/ny2026\\\/wp-content\\\/uploads\\\/2025\\\/08\\\/shutterstock_2465050755-scaled.jpg\",\"width\":2560,\"height\":1869,\"caption\":\"2465050755\"},{\"@type\":\"BreadcrumbList\",\"@id\":\"https:\\\/\\\/ederagenhelse.no\\\/ny2026\\\/sv\\\/jan-raa-om-tarmflora-och-paradigmskiften\\\/#breadcrumb\",\"itemListElement\":[{\"@type\":\"ListItem\",\"position\":1,\"name\":\"Hjem\",\"item\":\"https:\\\/\\\/ederagenhelse.no\\\/ny2026\\\/sv\\\/\"},{\"@type\":\"ListItem\",\"position\":2,\"name\":\"Jan Raa om tarmflora och paradigmskiften\"}]},{\"@type\":\"WebSite\",\"@id\":\"https:\\\/\\\/ederagenhelse.no\\\/ny2026\\\/#website\",\"url\":\"https:\\\/\\\/ederagenhelse.no\\\/ny2026\\\/\",\"name\":\"Ederagen Helse\",\"description\":\"Lidenskapelig opptatt av god helse og godt immunforsvar\",\"publisher\":{\"@id\":\"https:\\\/\\\/ederagenhelse.no\\\/ny2026\\\/#organization\"},\"potentialAction\":[{\"@type\":\"SearchAction\",\"target\":{\"@type\":\"EntryPoint\",\"urlTemplate\":\"https:\\\/\\\/ederagenhelse.no\\\/ny2026\\\/?s={search_term_string}\"},\"query-input\":{\"@type\":\"PropertyValueSpecification\",\"valueRequired\":true,\"valueName\":\"search_term_string\"}}],\"inLanguage\":\"sv-SE\"},{\"@type\":\"Organization\",\"@id\":\"https:\\\/\\\/ederagenhelse.no\\\/ny2026\\\/#organization\",\"name\":\"Ederagen Helse\",\"url\":\"https:\\\/\\\/ederagenhelse.no\\\/ny2026\\\/\",\"logo\":{\"@type\":\"ImageObject\",\"inLanguage\":\"sv-SE\",\"@id\":\"https:\\\/\\\/ederagenhelse.no\\\/ny2026\\\/#\\\/schema\\\/logo\\\/image\\\/\",\"url\":\"https:\\\/\\\/ederagenhelse.no\\\/ny2026\\\/wp-content\\\/uploads\\\/2024\\\/02\\\/logo-hvit-1.png\",\"contentUrl\":\"https:\\\/\\\/ederagenhelse.no\\\/ny2026\\\/wp-content\\\/uploads\\\/2024\\\/02\\\/logo-hvit-1.png\",\"width\":2560,\"height\":418,\"caption\":\"Ederagen Helse \"},\"image\":{\"@id\":\"https:\\\/\\\/ederagenhelse.no\\\/ny2026\\\/#\\\/schema\\\/logo\\\/image\\\/\"}},{\"@type\":\"Person\",\"@id\":\"https:\\\/\\\/ederagenhelse.no\\\/ny2026\\\/#\\\/schema\\\/person\\\/74757d93f8a85a1e181e605a334663fb\",\"name\":\"EderaGen AS\",\"image\":{\"@type\":\"ImageObject\",\"inLanguage\":\"sv-SE\",\"@id\":\"https:\\\/\\\/secure.gravatar.com\\\/avatar\\\/ca1e76409c73cddcce1a64f77a24b5018bd9099155edc8388775e81a32f397a2?s=96&d=mm&r=g\",\"url\":\"https:\\\/\\\/secure.gravatar.com\\\/avatar\\\/ca1e76409c73cddcce1a64f77a24b5018bd9099155edc8388775e81a32f397a2?s=96&d=mm&r=g\",\"contentUrl\":\"https:\\\/\\\/secure.gravatar.com\\\/avatar\\\/ca1e76409c73cddcce1a64f77a24b5018bd9099155edc8388775e81a32f397a2?s=96&d=mm&r=g\",\"caption\":\"EderaGen AS\"},\"sameAs\":[\"https:\\\/\\\/ny.ederagenhelse.no\"],\"url\":\"https:\\\/\\\/ederagenhelse.no\\\/ny2026\\\/sv\\\/author\\\/ederagen-as\\\/\"}]}<\/script>\n<!-- \/ Yoast SEO plugin. -->","yoast_head_json":{"title":"Jan Raa om tarmflora och paradigmskiften - Ederagen Helse","robots":{"index":"noindex","follow":"follow","max-snippet":"max-snippet:-1","max-image-preview":"max-image-preview:large","max-video-preview":"max-video-preview:-1"},"og_locale":"sv_SE","og_type":"article","og_title":"Jan Raa om tarmflora och paradigmskiften - Ederagen Helse","og_description":"Medan de flesta norrm\u00e4n har varit p\u00e5 semester och samlat vinster inf\u00f6r h\u00f6sten och vintern har v\u00e5r sedan l\u00e4nge pensionerade ordf\u00f6rande Jan Raa inte vilat p\u00e5 lagrarna. Som den popul\u00e4ra intervjuperson han \u00e4r delar han \u00e5terigen med sig av sina kunskaper och erfarenheter i podcasten F\u00f6rundringspodden Mat &amp; beteende. Den h\u00e4r g\u00e5ngen handlar det om [&hellip;]","og_url":"https:\/\/ederagenhelse.no\/ny2026\/sv\/jan-raa-om-tarmflora-och-paradigmskiften\/","og_site_name":"Ederagen Helse","article_published_time":"2025-08-18T14:08:12+00:00","article_modified_time":"2025-08-18T14:08:31+00:00","og_image":[{"width":2560,"height":1869,"url":"https:\/\/ederagenhelse.no\/ny2026\/wp-content\/uploads\/2025\/08\/shutterstock_2465050755-scaled.jpg","type":"image\/jpeg"}],"author":"EderaGen AS","twitter_card":"summary_large_image","twitter_misc":{"Skriven av":"EderaGen AS","Ber\u00e4knad l\u00e4stid":"2 minuter"},"schema":{"@context":"https:\/\/schema.org","@graph":[{"@type":"Article","@id":"https:\/\/ederagenhelse.no\/ny2026\/sv\/jan-raa-om-tarmflora-och-paradigmskiften\/#article","isPartOf":{"@id":"https:\/\/ederagenhelse.no\/ny2026\/sv\/jan-raa-om-tarmflora-och-paradigmskiften\/"},"author":{"name":"EderaGen AS","@id":"https:\/\/ederagenhelse.no\/ny2026\/#\/schema\/person\/74757d93f8a85a1e181e605a334663fb"},"headline":"Jan Raa om tarmflora och paradigmskiften","datePublished":"2025-08-18T14:08:12+00:00","dateModified":"2025-08-18T14:08:31+00:00","mainEntityOfPage":{"@id":"https:\/\/ederagenhelse.no\/ny2026\/sv\/jan-raa-om-tarmflora-och-paradigmskiften\/"},"wordCount":312,"publisher":{"@id":"https:\/\/ederagenhelse.no\/ny2026\/#organization"},"image":{"@id":"https:\/\/ederagenhelse.no\/ny2026\/sv\/jan-raa-om-tarmflora-och-paradigmskiften\/#primaryimage"},"thumbnailUrl":"https:\/\/ederagenhelse.no\/ny2026\/wp-content\/uploads\/2025\/08\/shutterstock_2465050755-scaled.jpg","articleSection":["Okategoriserad"],"inLanguage":"sv-SE"},{"@type":"WebPage","@id":"https:\/\/ederagenhelse.no\/ny2026\/sv\/jan-raa-om-tarmflora-och-paradigmskiften\/","url":"https:\/\/ederagenhelse.no\/ny2026\/sv\/jan-raa-om-tarmflora-och-paradigmskiften\/","name":"Jan Raa om tarmflora och paradigmskiften - Ederagen Helse","isPartOf":{"@id":"https:\/\/ederagenhelse.no\/ny2026\/#website"},"primaryImageOfPage":{"@id":"https:\/\/ederagenhelse.no\/ny2026\/sv\/jan-raa-om-tarmflora-och-paradigmskiften\/#primaryimage"},"image":{"@id":"https:\/\/ederagenhelse.no\/ny2026\/sv\/jan-raa-om-tarmflora-och-paradigmskiften\/#primaryimage"},"thumbnailUrl":"https:\/\/ederagenhelse.no\/ny2026\/wp-content\/uploads\/2025\/08\/shutterstock_2465050755-scaled.jpg","datePublished":"2025-08-18T14:08:12+00:00","dateModified":"2025-08-18T14:08:31+00:00","breadcrumb":{"@id":"https:\/\/ederagenhelse.no\/ny2026\/sv\/jan-raa-om-tarmflora-och-paradigmskiften\/#breadcrumb"},"inLanguage":"sv-SE","potentialAction":[{"@type":"ReadAction","target":["https:\/\/ederagenhelse.no\/ny2026\/sv\/jan-raa-om-tarmflora-och-paradigmskiften\/"]}]},{"@type":"ImageObject","inLanguage":"sv-SE","@id":"https:\/\/ederagenhelse.no\/ny2026\/sv\/jan-raa-om-tarmflora-och-paradigmskiften\/#primaryimage","url":"https:\/\/ederagenhelse.no\/ny2026\/wp-content\/uploads\/2025\/08\/shutterstock_2465050755-scaled.jpg","contentUrl":"https:\/\/ederagenhelse.no\/ny2026\/wp-content\/uploads\/2025\/08\/shutterstock_2465050755-scaled.jpg","width":2560,"height":1869,"caption":"2465050755"},{"@type":"BreadcrumbList","@id":"https:\/\/ederagenhelse.no\/ny2026\/sv\/jan-raa-om-tarmflora-och-paradigmskiften\/#breadcrumb","itemListElement":[{"@type":"ListItem","position":1,"name":"Hjem","item":"https:\/\/ederagenhelse.no\/ny2026\/sv\/"},{"@type":"ListItem","position":2,"name":"Jan Raa om tarmflora och paradigmskiften"}]},{"@type":"WebSite","@id":"https:\/\/ederagenhelse.no\/ny2026\/#website","url":"https:\/\/ederagenhelse.no\/ny2026\/","name":"Ederagen Helse","description":"Lidenskapelig opptatt av god helse og godt immunforsvar","publisher":{"@id":"https:\/\/ederagenhelse.no\/ny2026\/#organization"},"potentialAction":[{"@type":"SearchAction","target":{"@type":"EntryPoint","urlTemplate":"https:\/\/ederagenhelse.no\/ny2026\/?s={search_term_string}"},"query-input":{"@type":"PropertyValueSpecification","valueRequired":true,"valueName":"search_term_string"}}],"inLanguage":"sv-SE"},{"@type":"Organization","@id":"https:\/\/ederagenhelse.no\/ny2026\/#organization","name":"Ederagen Helse","url":"https:\/\/ederagenhelse.no\/ny2026\/","logo":{"@type":"ImageObject","inLanguage":"sv-SE","@id":"https:\/\/ederagenhelse.no\/ny2026\/#\/schema\/logo\/image\/","url":"https:\/\/ederagenhelse.no\/ny2026\/wp-content\/uploads\/2024\/02\/logo-hvit-1.png","contentUrl":"https:\/\/ederagenhelse.no\/ny2026\/wp-content\/uploads\/2024\/02\/logo-hvit-1.png","width":2560,"height":418,"caption":"Ederagen Helse "},"image":{"@id":"https:\/\/ederagenhelse.no\/ny2026\/#\/schema\/logo\/image\/"}},{"@type":"Person","@id":"https:\/\/ederagenhelse.no\/ny2026\/#\/schema\/person\/74757d93f8a85a1e181e605a334663fb","name":"EderaGen AS","image":{"@type":"ImageObject","inLanguage":"sv-SE","@id":"https:\/\/secure.gravatar.com\/avatar\/ca1e76409c73cddcce1a64f77a24b5018bd9099155edc8388775e81a32f397a2?s=96&d=mm&r=g","url":"https:\/\/secure.gravatar.com\/avatar\/ca1e76409c73cddcce1a64f77a24b5018bd9099155edc8388775e81a32f397a2?s=96&d=mm&r=g","contentUrl":"https:\/\/secure.gravatar.com\/avatar\/ca1e76409c73cddcce1a64f77a24b5018bd9099155edc8388775e81a32f397a2?s=96&d=mm&r=g","caption":"EderaGen AS"},"sameAs":["https:\/\/ny.ederagenhelse.no"],"url":"https:\/\/ederagenhelse.no\/ny2026\/sv\/author\/ederagen-as\/"}]}},"_links":{"self":[{"href":"https:\/\/ederagenhelse.no\/ny2026\/sv\/wp-json\/wp\/v2\/posts\/18576","targetHints":{"allow":["GET"]}}],"collection":[{"href":"https:\/\/ederagenhelse.no\/ny2026\/sv\/wp-json\/wp\/v2\/posts"}],"about":[{"href":"https:\/\/ederagenhelse.no\/ny2026\/sv\/wp-json\/wp\/v2\/types\/post"}],"author":[{"embeddable":true,"href":"https:\/\/ederagenhelse.no\/ny2026\/sv\/wp-json\/wp\/v2\/users\/1"}],"replies":[{"embeddable":true,"href":"https:\/\/ederagenhelse.no\/ny2026\/sv\/wp-json\/wp\/v2\/comments?post=18576"}],"version-history":[{"count":1,"href":"https:\/\/ederagenhelse.no\/ny2026\/sv\/wp-json\/wp\/v2\/posts\/18576\/revisions"}],"predecessor-version":[{"id":18577,"href":"https:\/\/ederagenhelse.no\/ny2026\/sv\/wp-json\/wp\/v2\/posts\/18576\/revisions\/18577"}],"wp:featuredmedia":[{"embeddable":true,"href":"https:\/\/ederagenhelse.no\/ny2026\/sv\/wp-json\/wp\/v2\/media\/18568"}],"wp:attachment":[{"href":"https:\/\/ederagenhelse.no\/ny2026\/sv\/wp-json\/wp\/v2\/media?parent=18576"}],"wp:term":[{"taxonomy":"category","embeddable":true,"href":"https:\/\/ederagenhelse.no\/ny2026\/sv\/wp-json\/wp\/v2\/categories?post=18576"},{"taxonomy":"post_tag","embeddable":true,"href":"https:\/\/ederagenhelse.no\/ny2026\/sv\/wp-json\/wp\/v2\/tags?post=18576"}],"curies":[{"name":"wp","href":"https:\/\/api.w.org\/{rel}","templated":true}]}}