{"id":16359,"date":"2025-05-08T13:28:53","date_gmt":"2025-05-08T13:28:53","guid":{"rendered":"https:\/\/ederagenhelse.no\/ny2026\/inbjudan-till-teckning-av-aktier-i-ederagen-as\/"},"modified":"2025-05-08T13:29:57","modified_gmt":"2025-05-08T13:29:57","slug":"inbjudan-till-teckning-av-aktier-i-ederagen-as","status":"publish","type":"post","link":"https:\/\/ederagenhelse.no\/ny2026\/sv\/inbjudan-till-teckning-av-aktier-i-ederagen-as\/","title":{"rendered":"Inbjudan till teckning av aktier i EderaGen AS"},"content":{"rendered":"\t\t<div data-elementor-type=\"wp-post\" data-elementor-id=\"16359\" class=\"elementor elementor-16359 elementor-16346\" data-elementor-post-type=\"post\">\n\t\t\t\t<div class=\"elementor-element elementor-element-c0efad0 e-flex e-con-boxed e-con e-parent\" data-id=\"c0efad0\" data-element_type=\"container\" data-e-type=\"container\">\n\t\t\t\t\t<div class=\"e-con-inner\">\n\t\t\t\t<div class=\"elementor-element elementor-element-933e9d1 elementor-widget elementor-widget-text-editor\" data-id=\"933e9d1\" data-element_type=\"widget\" data-e-type=\"widget\" data-widget_type=\"text-editor.default\">\n\t\t\t\t\t\t\t\t\t<p>Fram till och med den 1 juni 2025 kan aktier i EderaGen AS tecknas f\u00f6r upp till 10 miljoner NOK till en kurs om 8 NOK per aktie. Aktiekursen motsvarar genomsnittskursen f\u00f6r tidigare emissioner till nuvarande \u00e4gare. L\u00e4s mer h\u00e4r <a title=\"https:\/\/ederagenhelse.no\/ny2026\/tegning\" href=\"https:\/\/ederagenhelse.no\/ny2026\/sv\/ederagenhelse-no-ritning\/\" target=\"_blank\" rel=\"noopener\"><strong>h\u00e4r<\/strong><\/a>.    <br><br><span style=\"font-family: -apple-system, BlinkMacSystemFont, 'Segoe UI', Roboto, 'Helvetica Neue', Arial, 'Noto Sans', sans-serif, 'Apple Color Emoji', 'Segoe UI Emoji', 'Segoe UI Symbol', 'Noto Color Emoji';\">Genom emissionen s\u00e4kerst\u00e4lls att bolaget omedelbart kan genomf\u00f6ra sin plan f\u00f6r \u00f6kad kommersialisering. Den ger ocks\u00e5 en st\u00f6rre finansiell handlingsfrihet s\u00e5 att bolaget kan g\u00e5 vidare med nya projekt baserade p\u00e5 bolagets patenterade uppfinning. Sammantaget kommer detta att ligga till grund f\u00f6r en nyemission inom tv\u00e5 \u00e5r &#8211; till en h\u00f6gre aktiekurs \u00e4n idag.  <br><br><\/span><span style=\"font-family: -apple-system, BlinkMacSystemFont, 'Segoe UI', Roboto, 'Helvetica Neue', Arial, 'Noto Sans', sans-serif, 'Apple Color Emoji', 'Segoe UI Emoji', 'Segoe UI Symbol', 'Noto Color Emoji';\">Professor <\/span><em style=\"font-family: -apple-system, BlinkMacSystemFont, 'Segoe UI', Roboto, 'Helvetica Neue', Arial, 'Noto Sans', sans-serif, 'Apple Color Emoji', 'Segoe UI Emoji', 'Segoe UI Symbol', 'Noto Color Emoji';\">emeritus<\/em><span style=\"font-family: -apple-system, BlinkMacSystemFont, 'Segoe UI', Roboto, 'Helvetica Neue', Arial, 'Noto Sans', sans-serif, 'Apple Color Emoji', 'Segoe UI Emoji', 'Segoe UI Symbol', 'Noto Color Emoji';\">  Jan Raa \u00e4r den st\u00f6rsta aktie\u00e4garen i EderaGen AS. Tillsammans med ledningen i EderaGen AS har han lett den vetenskapliga, tekniska och kommersiella utvecklingen av bolagets produkter. <br><br><\/span><span style=\"font-family: -apple-system, BlinkMacSystemFont, 'Segoe UI', Roboto, 'Helvetica Neue', Arial, 'Noto Sans', sans-serif, 'Apple Color Emoji', 'Segoe UI Emoji', 'Segoe UI Symbol', 'Noto Color Emoji';\">Idag s\u00e4ljs EderaGard och EcoGard i n\u00e4tbutiken hos EderaGen Helse AS, som \u00e4r hel\u00e4gt av EderaGen AS. Produktf\u00f6rs\u00e4ljningen har \u00f6kat s\u00e5 pass mycket att bolaget sedan f\u00f6rra sommaren har ett nollresultat. Den st\u00f6rsta risken i samband med utveckling och kommersialisering har d\u00e4rf\u00f6r redan tagits av nuvarande \u00e4gare.  <br><br><\/span><span style=\"font-family: -apple-system, BlinkMacSystemFont, 'Segoe UI', Roboto, 'Helvetica Neue', Arial, 'Noto Sans', sans-serif, 'Apple Color Emoji', 'Segoe UI Emoji', 'Segoe UI Symbol', 'Noto Color Emoji';\">De som \u00e4r intresserade av att delta i nyemissionen hittar mer detaljerad information <\/span><a style=\"font-family: -apple-system, BlinkMacSystemFont, 'Segoe UI', Roboto, 'Helvetica Neue', Arial, 'Noto Sans', sans-serif, 'Apple Color Emoji', 'Segoe UI Emoji', 'Segoe UI Symbol', 'Noto Color Emoji';\" title=\"https:\/\/ederagenhelse.no\/ny2026\/tegning\" href=\"https:\/\/ederagenhelse.no\/ny2026\/sv\/ederagenhelse-no-ritning\/\" target=\"_blank\" rel=\"noopener\"><strong>h\u00e4r<\/strong><\/a><span style=\"font-family: -apple-system, BlinkMacSystemFont, 'Segoe UI', Roboto, 'Helvetica Neue', Arial, 'Noto Sans', sans-serif, 'Apple Color Emoji', 'Segoe UI Emoji', 'Segoe UI Symbol', 'Noto Color Emoji';\">. D\u00e4r finns ocks\u00e5 en l\u00e4nk till ett anm\u00e4lningsformul\u00e4r som m\u00e5ste fyllas i och skickas in inom utsatt tid.  <\/span><\/p>\t\t\t\t\t\t\t\t<\/div>\n\t\t\t\t\t<\/div>\n\t\t\t\t<\/div>\n\t\t<div class=\"elementor-element elementor-element-2be36a0 e-flex e-con-boxed e-con e-parent\" data-id=\"2be36a0\" data-element_type=\"container\" data-e-type=\"container\">\n\t\t\t\t\t<div class=\"e-con-inner\">\n\t\t<div class=\"elementor-element elementor-element-f2650bd e-con-full e-flex e-con e-child\" data-id=\"f2650bd\" data-element_type=\"container\" data-e-type=\"container\">\n\t\t<div class=\"elementor-element elementor-element-2dfbdfd e-con-full e-flex e-con e-child\" data-id=\"2dfbdfd\" data-element_type=\"container\" data-e-type=\"container\" data-settings=\"{&quot;background_background&quot;:&quot;classic&quot;}\">\n\t\t\t\t<div class=\"elementor-element elementor-element-528f2b1 elementor-widget elementor-widget-text-editor\" data-id=\"528f2b1\" data-element_type=\"widget\" data-e-type=\"widget\" data-widget_type=\"text-editor.default\">\n\t\t\t\t\t\t\t\t\t<p><em>&#8221;Om m\u00e4nniskan forts\u00e4tter att ber\u00f6va immunsystemet de influenser som det har anpassats till genom evolutionen, kommer det att bli n\u00f6dv\u00e4ndigt att hitta s\u00e4tt att ers\u00e4tta det p\u00e5 konstgjord v\u00e4g<\/em>.&#8221;<\/p><p>Immunology Today, 19(3), 114-116, 1998.<\/p>\t\t\t\t\t\t\t\t<\/div>\n\t\t\t\t<\/div>\n\t\t\t\t<\/div>\n\t\t\t\t\t<\/div>\n\t\t\t\t<\/div>\n\t\t\t\t<\/div>\n\t\t","protected":false},"excerpt":{"rendered":"<p>Fram till och med den 1 juni 2025 kan aktier i EderaGen AS tecknas f\u00f6r upp till 10 miljoner NOK till en kurs om 8 NOK per aktie. Aktiekursen motsvarar genomsnittskursen f\u00f6r tidigare emissioner till nuvarande \u00e4gare. L\u00e4s mer h\u00e4r h\u00e4r. Genom emissionen s\u00e4kerst\u00e4lls att bolaget omedelbart kan genomf\u00f6ra sin plan f\u00f6r \u00f6kad kommersialisering. Den [&hellip;]<\/p>\n","protected":false},"author":1,"featured_media":16100,"comment_status":"closed","ping_status":"closed","sticky":false,"template":"","format":"standard","meta":{"footnotes":""},"categories":[28],"tags":[],"class_list":["post-16359","post","type-post","status-publish","format-standard","has-post-thumbnail","hentry","category-okategoriserad"],"yoast_head":"<!-- This site is optimized with the Yoast SEO plugin v27.4 - https:\/\/yoast.com\/product\/yoast-seo-wordpress\/ -->\n<title>Inbjudan till teckning av aktier i EderaGen AS - Ederagen Helse<\/title>\n<meta name=\"robots\" content=\"noindex, follow, max-snippet:-1, max-image-preview:large, max-video-preview:-1\" \/>\n<meta property=\"og:locale\" content=\"sv_SE\" \/>\n<meta property=\"og:type\" content=\"article\" \/>\n<meta property=\"og:title\" content=\"Inbjudan till teckning av aktier i EderaGen AS - Ederagen Helse\" \/>\n<meta property=\"og:description\" content=\"Fram till och med den 1 juni 2025 kan aktier i EderaGen AS tecknas f\u00f6r upp till 10 miljoner NOK till en kurs om 8 NOK per aktie. Aktiekursen motsvarar genomsnittskursen f\u00f6r tidigare emissioner till nuvarande \u00e4gare. L\u00e4s mer h\u00e4r h\u00e4r. Genom emissionen s\u00e4kerst\u00e4lls att bolaget omedelbart kan genomf\u00f6ra sin plan f\u00f6r \u00f6kad kommersialisering. Den [&hellip;]\" \/>\n<meta property=\"og:url\" content=\"https:\/\/ederagenhelse.no\/ny2026\/sv\/inbjudan-till-teckning-av-aktier-i-ederagen-as\/\" \/>\n<meta property=\"og:site_name\" content=\"Ederagen Helse\" \/>\n<meta property=\"article:published_time\" content=\"2025-05-08T13:28:53+00:00\" \/>\n<meta property=\"article:modified_time\" content=\"2025-05-08T13:29:57+00:00\" \/>\n<meta property=\"og:image\" content=\"https:\/\/ederagenhelse.no\/ny2026\/wp-content\/uploads\/2025\/05\/shutterstock_62962147-scaled.jpg\" \/>\n\t<meta property=\"og:image:width\" content=\"2560\" \/>\n\t<meta property=\"og:image:height\" content=\"1710\" \/>\n\t<meta property=\"og:image:type\" content=\"image\/jpeg\" \/>\n<meta name=\"author\" content=\"EderaGen AS\" \/>\n<meta name=\"twitter:card\" content=\"summary_large_image\" \/>\n<meta name=\"twitter:label1\" content=\"Skriven av\" \/>\n\t<meta name=\"twitter:data1\" content=\"EderaGen AS\" \/>\n\t<meta name=\"twitter:label2\" content=\"Ber\u00e4knad l\u00e4stid\" \/>\n\t<meta name=\"twitter:data2\" content=\"1 minut\" \/>\n<script type=\"application\/ld+json\" class=\"yoast-schema-graph\">{\"@context\":\"https:\\\/\\\/schema.org\",\"@graph\":[{\"@type\":\"Article\",\"@id\":\"https:\\\/\\\/ederagenhelse.no\\\/ny2026\\\/sv\\\/inbjudan-till-teckning-av-aktier-i-ederagen-as\\\/#article\",\"isPartOf\":{\"@id\":\"https:\\\/\\\/ederagenhelse.no\\\/ny2026\\\/sv\\\/inbjudan-till-teckning-av-aktier-i-ederagen-as\\\/\"},\"author\":{\"name\":\"EderaGen AS\",\"@id\":\"https:\\\/\\\/ederagenhelse.no\\\/ny2026\\\/#\\\/schema\\\/person\\\/74757d93f8a85a1e181e605a334663fb\"},\"headline\":\"Inbjudan till teckning av aktier i EderaGen AS\",\"datePublished\":\"2025-05-08T13:28:53+00:00\",\"dateModified\":\"2025-05-08T13:29:57+00:00\",\"mainEntityOfPage\":{\"@id\":\"https:\\\/\\\/ederagenhelse.no\\\/ny2026\\\/sv\\\/inbjudan-till-teckning-av-aktier-i-ederagen-as\\\/\"},\"wordCount\":276,\"publisher\":{\"@id\":\"https:\\\/\\\/ederagenhelse.no\\\/ny2026\\\/#organization\"},\"image\":{\"@id\":\"https:\\\/\\\/ederagenhelse.no\\\/ny2026\\\/sv\\\/inbjudan-till-teckning-av-aktier-i-ederagen-as\\\/#primaryimage\"},\"thumbnailUrl\":\"https:\\\/\\\/ederagenhelse.no\\\/ny2026\\\/wp-content\\\/uploads\\\/2025\\\/05\\\/shutterstock_62962147-scaled.jpg\",\"articleSection\":[\"Okategoriserad\"],\"inLanguage\":\"sv-SE\"},{\"@type\":\"WebPage\",\"@id\":\"https:\\\/\\\/ederagenhelse.no\\\/ny2026\\\/sv\\\/inbjudan-till-teckning-av-aktier-i-ederagen-as\\\/\",\"url\":\"https:\\\/\\\/ederagenhelse.no\\\/ny2026\\\/sv\\\/inbjudan-till-teckning-av-aktier-i-ederagen-as\\\/\",\"name\":\"Inbjudan till teckning av aktier i EderaGen AS - Ederagen Helse\",\"isPartOf\":{\"@id\":\"https:\\\/\\\/ederagenhelse.no\\\/ny2026\\\/#website\"},\"primaryImageOfPage\":{\"@id\":\"https:\\\/\\\/ederagenhelse.no\\\/ny2026\\\/sv\\\/inbjudan-till-teckning-av-aktier-i-ederagen-as\\\/#primaryimage\"},\"image\":{\"@id\":\"https:\\\/\\\/ederagenhelse.no\\\/ny2026\\\/sv\\\/inbjudan-till-teckning-av-aktier-i-ederagen-as\\\/#primaryimage\"},\"thumbnailUrl\":\"https:\\\/\\\/ederagenhelse.no\\\/ny2026\\\/wp-content\\\/uploads\\\/2025\\\/05\\\/shutterstock_62962147-scaled.jpg\",\"datePublished\":\"2025-05-08T13:28:53+00:00\",\"dateModified\":\"2025-05-08T13:29:57+00:00\",\"breadcrumb\":{\"@id\":\"https:\\\/\\\/ederagenhelse.no\\\/ny2026\\\/sv\\\/inbjudan-till-teckning-av-aktier-i-ederagen-as\\\/#breadcrumb\"},\"inLanguage\":\"sv-SE\",\"potentialAction\":[{\"@type\":\"ReadAction\",\"target\":[\"https:\\\/\\\/ederagenhelse.no\\\/ny2026\\\/sv\\\/inbjudan-till-teckning-av-aktier-i-ederagen-as\\\/\"]}]},{\"@type\":\"ImageObject\",\"inLanguage\":\"sv-SE\",\"@id\":\"https:\\\/\\\/ederagenhelse.no\\\/ny2026\\\/sv\\\/inbjudan-till-teckning-av-aktier-i-ederagen-as\\\/#primaryimage\",\"url\":\"https:\\\/\\\/ederagenhelse.no\\\/ny2026\\\/wp-content\\\/uploads\\\/2025\\\/05\\\/shutterstock_62962147-scaled.jpg\",\"contentUrl\":\"https:\\\/\\\/ederagenhelse.no\\\/ny2026\\\/wp-content\\\/uploads\\\/2025\\\/05\\\/shutterstock_62962147-scaled.jpg\",\"width\":2560,\"height\":1710},{\"@type\":\"BreadcrumbList\",\"@id\":\"https:\\\/\\\/ederagenhelse.no\\\/ny2026\\\/sv\\\/inbjudan-till-teckning-av-aktier-i-ederagen-as\\\/#breadcrumb\",\"itemListElement\":[{\"@type\":\"ListItem\",\"position\":1,\"name\":\"Hjem\",\"item\":\"https:\\\/\\\/ederagenhelse.no\\\/ny2026\\\/sv\\\/\"},{\"@type\":\"ListItem\",\"position\":2,\"name\":\"Inbjudan till teckning av aktier i EderaGen AS\"}]},{\"@type\":\"WebSite\",\"@id\":\"https:\\\/\\\/ederagenhelse.no\\\/ny2026\\\/#website\",\"url\":\"https:\\\/\\\/ederagenhelse.no\\\/ny2026\\\/\",\"name\":\"Ederagen Helse\",\"description\":\"Lidenskapelig opptatt av god helse og godt immunforsvar\",\"publisher\":{\"@id\":\"https:\\\/\\\/ederagenhelse.no\\\/ny2026\\\/#organization\"},\"potentialAction\":[{\"@type\":\"SearchAction\",\"target\":{\"@type\":\"EntryPoint\",\"urlTemplate\":\"https:\\\/\\\/ederagenhelse.no\\\/ny2026\\\/?s={search_term_string}\"},\"query-input\":{\"@type\":\"PropertyValueSpecification\",\"valueRequired\":true,\"valueName\":\"search_term_string\"}}],\"inLanguage\":\"sv-SE\"},{\"@type\":\"Organization\",\"@id\":\"https:\\\/\\\/ederagenhelse.no\\\/ny2026\\\/#organization\",\"name\":\"Ederagen Helse\",\"url\":\"https:\\\/\\\/ederagenhelse.no\\\/ny2026\\\/\",\"logo\":{\"@type\":\"ImageObject\",\"inLanguage\":\"sv-SE\",\"@id\":\"https:\\\/\\\/ederagenhelse.no\\\/ny2026\\\/#\\\/schema\\\/logo\\\/image\\\/\",\"url\":\"https:\\\/\\\/ederagenhelse.no\\\/ny2026\\\/wp-content\\\/uploads\\\/2024\\\/02\\\/logo-hvit-1.png\",\"contentUrl\":\"https:\\\/\\\/ederagenhelse.no\\\/ny2026\\\/wp-content\\\/uploads\\\/2024\\\/02\\\/logo-hvit-1.png\",\"width\":2560,\"height\":418,\"caption\":\"Ederagen Helse \"},\"image\":{\"@id\":\"https:\\\/\\\/ederagenhelse.no\\\/ny2026\\\/#\\\/schema\\\/logo\\\/image\\\/\"}},{\"@type\":\"Person\",\"@id\":\"https:\\\/\\\/ederagenhelse.no\\\/ny2026\\\/#\\\/schema\\\/person\\\/74757d93f8a85a1e181e605a334663fb\",\"name\":\"EderaGen AS\",\"image\":{\"@type\":\"ImageObject\",\"inLanguage\":\"sv-SE\",\"@id\":\"https:\\\/\\\/secure.gravatar.com\\\/avatar\\\/ca1e76409c73cddcce1a64f77a24b5018bd9099155edc8388775e81a32f397a2?s=96&d=mm&r=g\",\"url\":\"https:\\\/\\\/secure.gravatar.com\\\/avatar\\\/ca1e76409c73cddcce1a64f77a24b5018bd9099155edc8388775e81a32f397a2?s=96&d=mm&r=g\",\"contentUrl\":\"https:\\\/\\\/secure.gravatar.com\\\/avatar\\\/ca1e76409c73cddcce1a64f77a24b5018bd9099155edc8388775e81a32f397a2?s=96&d=mm&r=g\",\"caption\":\"EderaGen AS\"},\"sameAs\":[\"https:\\\/\\\/ny.ederagenhelse.no\"],\"url\":\"https:\\\/\\\/ederagenhelse.no\\\/ny2026\\\/sv\\\/author\\\/ederagen-as\\\/\"}]}<\/script>\n<!-- \/ Yoast SEO plugin. -->","yoast_head_json":{"title":"Inbjudan till teckning av aktier i EderaGen AS - Ederagen Helse","robots":{"index":"noindex","follow":"follow","max-snippet":"max-snippet:-1","max-image-preview":"max-image-preview:large","max-video-preview":"max-video-preview:-1"},"og_locale":"sv_SE","og_type":"article","og_title":"Inbjudan till teckning av aktier i EderaGen AS - Ederagen Helse","og_description":"Fram till och med den 1 juni 2025 kan aktier i EderaGen AS tecknas f\u00f6r upp till 10 miljoner NOK till en kurs om 8 NOK per aktie. Aktiekursen motsvarar genomsnittskursen f\u00f6r tidigare emissioner till nuvarande \u00e4gare. L\u00e4s mer h\u00e4r h\u00e4r. Genom emissionen s\u00e4kerst\u00e4lls att bolaget omedelbart kan genomf\u00f6ra sin plan f\u00f6r \u00f6kad kommersialisering. Den [&hellip;]","og_url":"https:\/\/ederagenhelse.no\/ny2026\/sv\/inbjudan-till-teckning-av-aktier-i-ederagen-as\/","og_site_name":"Ederagen Helse","article_published_time":"2025-05-08T13:28:53+00:00","article_modified_time":"2025-05-08T13:29:57+00:00","og_image":[{"width":2560,"height":1710,"url":"https:\/\/ederagenhelse.no\/ny2026\/wp-content\/uploads\/2025\/05\/shutterstock_62962147-scaled.jpg","type":"image\/jpeg"}],"author":"EderaGen AS","twitter_card":"summary_large_image","twitter_misc":{"Skriven av":"EderaGen AS","Ber\u00e4knad l\u00e4stid":"1 minut"},"schema":{"@context":"https:\/\/schema.org","@graph":[{"@type":"Article","@id":"https:\/\/ederagenhelse.no\/ny2026\/sv\/inbjudan-till-teckning-av-aktier-i-ederagen-as\/#article","isPartOf":{"@id":"https:\/\/ederagenhelse.no\/ny2026\/sv\/inbjudan-till-teckning-av-aktier-i-ederagen-as\/"},"author":{"name":"EderaGen AS","@id":"https:\/\/ederagenhelse.no\/ny2026\/#\/schema\/person\/74757d93f8a85a1e181e605a334663fb"},"headline":"Inbjudan till teckning av aktier i EderaGen AS","datePublished":"2025-05-08T13:28:53+00:00","dateModified":"2025-05-08T13:29:57+00:00","mainEntityOfPage":{"@id":"https:\/\/ederagenhelse.no\/ny2026\/sv\/inbjudan-till-teckning-av-aktier-i-ederagen-as\/"},"wordCount":276,"publisher":{"@id":"https:\/\/ederagenhelse.no\/ny2026\/#organization"},"image":{"@id":"https:\/\/ederagenhelse.no\/ny2026\/sv\/inbjudan-till-teckning-av-aktier-i-ederagen-as\/#primaryimage"},"thumbnailUrl":"https:\/\/ederagenhelse.no\/ny2026\/wp-content\/uploads\/2025\/05\/shutterstock_62962147-scaled.jpg","articleSection":["Okategoriserad"],"inLanguage":"sv-SE"},{"@type":"WebPage","@id":"https:\/\/ederagenhelse.no\/ny2026\/sv\/inbjudan-till-teckning-av-aktier-i-ederagen-as\/","url":"https:\/\/ederagenhelse.no\/ny2026\/sv\/inbjudan-till-teckning-av-aktier-i-ederagen-as\/","name":"Inbjudan till teckning av aktier i EderaGen AS - Ederagen Helse","isPartOf":{"@id":"https:\/\/ederagenhelse.no\/ny2026\/#website"},"primaryImageOfPage":{"@id":"https:\/\/ederagenhelse.no\/ny2026\/sv\/inbjudan-till-teckning-av-aktier-i-ederagen-as\/#primaryimage"},"image":{"@id":"https:\/\/ederagenhelse.no\/ny2026\/sv\/inbjudan-till-teckning-av-aktier-i-ederagen-as\/#primaryimage"},"thumbnailUrl":"https:\/\/ederagenhelse.no\/ny2026\/wp-content\/uploads\/2025\/05\/shutterstock_62962147-scaled.jpg","datePublished":"2025-05-08T13:28:53+00:00","dateModified":"2025-05-08T13:29:57+00:00","breadcrumb":{"@id":"https:\/\/ederagenhelse.no\/ny2026\/sv\/inbjudan-till-teckning-av-aktier-i-ederagen-as\/#breadcrumb"},"inLanguage":"sv-SE","potentialAction":[{"@type":"ReadAction","target":["https:\/\/ederagenhelse.no\/ny2026\/sv\/inbjudan-till-teckning-av-aktier-i-ederagen-as\/"]}]},{"@type":"ImageObject","inLanguage":"sv-SE","@id":"https:\/\/ederagenhelse.no\/ny2026\/sv\/inbjudan-till-teckning-av-aktier-i-ederagen-as\/#primaryimage","url":"https:\/\/ederagenhelse.no\/ny2026\/wp-content\/uploads\/2025\/05\/shutterstock_62962147-scaled.jpg","contentUrl":"https:\/\/ederagenhelse.no\/ny2026\/wp-content\/uploads\/2025\/05\/shutterstock_62962147-scaled.jpg","width":2560,"height":1710},{"@type":"BreadcrumbList","@id":"https:\/\/ederagenhelse.no\/ny2026\/sv\/inbjudan-till-teckning-av-aktier-i-ederagen-as\/#breadcrumb","itemListElement":[{"@type":"ListItem","position":1,"name":"Hjem","item":"https:\/\/ederagenhelse.no\/ny2026\/sv\/"},{"@type":"ListItem","position":2,"name":"Inbjudan till teckning av aktier i EderaGen AS"}]},{"@type":"WebSite","@id":"https:\/\/ederagenhelse.no\/ny2026\/#website","url":"https:\/\/ederagenhelse.no\/ny2026\/","name":"Ederagen Helse","description":"Lidenskapelig opptatt av god helse og godt immunforsvar","publisher":{"@id":"https:\/\/ederagenhelse.no\/ny2026\/#organization"},"potentialAction":[{"@type":"SearchAction","target":{"@type":"EntryPoint","urlTemplate":"https:\/\/ederagenhelse.no\/ny2026\/?s={search_term_string}"},"query-input":{"@type":"PropertyValueSpecification","valueRequired":true,"valueName":"search_term_string"}}],"inLanguage":"sv-SE"},{"@type":"Organization","@id":"https:\/\/ederagenhelse.no\/ny2026\/#organization","name":"Ederagen Helse","url":"https:\/\/ederagenhelse.no\/ny2026\/","logo":{"@type":"ImageObject","inLanguage":"sv-SE","@id":"https:\/\/ederagenhelse.no\/ny2026\/#\/schema\/logo\/image\/","url":"https:\/\/ederagenhelse.no\/ny2026\/wp-content\/uploads\/2024\/02\/logo-hvit-1.png","contentUrl":"https:\/\/ederagenhelse.no\/ny2026\/wp-content\/uploads\/2024\/02\/logo-hvit-1.png","width":2560,"height":418,"caption":"Ederagen Helse "},"image":{"@id":"https:\/\/ederagenhelse.no\/ny2026\/#\/schema\/logo\/image\/"}},{"@type":"Person","@id":"https:\/\/ederagenhelse.no\/ny2026\/#\/schema\/person\/74757d93f8a85a1e181e605a334663fb","name":"EderaGen AS","image":{"@type":"ImageObject","inLanguage":"sv-SE","@id":"https:\/\/secure.gravatar.com\/avatar\/ca1e76409c73cddcce1a64f77a24b5018bd9099155edc8388775e81a32f397a2?s=96&d=mm&r=g","url":"https:\/\/secure.gravatar.com\/avatar\/ca1e76409c73cddcce1a64f77a24b5018bd9099155edc8388775e81a32f397a2?s=96&d=mm&r=g","contentUrl":"https:\/\/secure.gravatar.com\/avatar\/ca1e76409c73cddcce1a64f77a24b5018bd9099155edc8388775e81a32f397a2?s=96&d=mm&r=g","caption":"EderaGen AS"},"sameAs":["https:\/\/ny.ederagenhelse.no"],"url":"https:\/\/ederagenhelse.no\/ny2026\/sv\/author\/ederagen-as\/"}]}},"_links":{"self":[{"href":"https:\/\/ederagenhelse.no\/ny2026\/sv\/wp-json\/wp\/v2\/posts\/16359","targetHints":{"allow":["GET"]}}],"collection":[{"href":"https:\/\/ederagenhelse.no\/ny2026\/sv\/wp-json\/wp\/v2\/posts"}],"about":[{"href":"https:\/\/ederagenhelse.no\/ny2026\/sv\/wp-json\/wp\/v2\/types\/post"}],"author":[{"embeddable":true,"href":"https:\/\/ederagenhelse.no\/ny2026\/sv\/wp-json\/wp\/v2\/users\/1"}],"replies":[{"embeddable":true,"href":"https:\/\/ederagenhelse.no\/ny2026\/sv\/wp-json\/wp\/v2\/comments?post=16359"}],"version-history":[{"count":3,"href":"https:\/\/ederagenhelse.no\/ny2026\/sv\/wp-json\/wp\/v2\/posts\/16359\/revisions"}],"predecessor-version":[{"id":16362,"href":"https:\/\/ederagenhelse.no\/ny2026\/sv\/wp-json\/wp\/v2\/posts\/16359\/revisions\/16362"}],"wp:featuredmedia":[{"embeddable":true,"href":"https:\/\/ederagenhelse.no\/ny2026\/sv\/wp-json\/wp\/v2\/media\/16100"}],"wp:attachment":[{"href":"https:\/\/ederagenhelse.no\/ny2026\/sv\/wp-json\/wp\/v2\/media?parent=16359"}],"wp:term":[{"taxonomy":"category","embeddable":true,"href":"https:\/\/ederagenhelse.no\/ny2026\/sv\/wp-json\/wp\/v2\/categories?post=16359"},{"taxonomy":"post_tag","embeddable":true,"href":"https:\/\/ederagenhelse.no\/ny2026\/sv\/wp-json\/wp\/v2\/tags?post=16359"}],"curies":[{"name":"wp","href":"https:\/\/api.w.org\/{rel}","templated":true}]}}