{"id":20898,"date":"2025-11-26T12:47:01","date_gmt":"2025-11-26T12:47:01","guid":{"rendered":"https:\/\/ederagenhelse.no\/ny2026\/giv-os-i-dag-vores-daglige-mikrobe-jan-raa-er-gaest-i-podcasten-leger-om-livet\/"},"modified":"2025-11-26T12:47:13","modified_gmt":"2025-11-26T12:47:13","slug":"giv-os-i-dag-vores-daglige-mikrobe-jan-raa-er-gaest-i-podcasten-leger-om-livet","status":"publish","type":"post","link":"https:\/\/ederagenhelse.no\/ny2026\/da\/giv-os-i-dag-vores-daglige-mikrobe-jan-raa-er-gaest-i-podcasten-leger-om-livet\/","title":{"rendered":"&#8220;Giv os i dag vores daglige mikrobe&#8221;. Jan Raa er g\u00e6st i podcasten Leger om livet."},"content":{"rendered":"\n<p>Endnu en gang er vores formand Jan Raa g\u00e6st i Annette Draglands meget popul\u00e6re podcast Leger om livet. Han deler sine tanker om udviklingen i landbruget og f\u00f8devareproduktionen, som han personligt har oplevet den siden krigen og frem til i dag. Her er der meget at l\u00e6re om, hvordan \u00e6ndringer i naturen og produktionsmetoderne p\u00e5virker b\u00e5de milj\u00f8 og sundhed. Han afliver blandt andet myten om, at vi lever meget l\u00e6ngere i dag, end vi gjorde, da alt var mere i harmoni med naturen, og p\u00e5peger, at vi i stedet har et v\u00e6ld af livsstilssygdomme, som knap nok eksisterede for 100 \u00e5r siden.   <\/p>\n\n<p>Jan forklarer, hvorfor f\u00e6nomener som jordtr\u00e6thed kan ligne dysbiose (ubalance i tarmen) hos mennesker, og hvordan milj\u00f8forandringer kan v\u00e6re forbundet med stigningen i moderne sygdomme som allergi og astma. Vi l\u00e6rer om \u00f8kologi, jordforbr\u00e6nding og noget helt nyt: fytoalexiner. Metanh\u00e6mmeren Bovaer f\u00e5r ogs\u00e5 en bred d\u00e6kning.  <\/p>\n\n<p>Tankev\u00e6kkende udsagn som &#8220;Kan planter vaccineres?&#8221; og &#8220;Giv os vores daglige mikrobe i dag&#8221; f\u00e5r os til sidst til at indse, at jorden p\u00e5virker tarmfloraen hos fugle, fisk og andre dyr &#8211; og os selv. Har du f.eks. t\u00e6nkt p\u00e5, at b\u00e5de h\u00f8ns og \u00f8rreder foretr\u00e6kker at l\u00e6gge deres \u00e6g i et hul i jorden, hvis de f\u00e5r mulighed for det? Et budskab er, at vi ogs\u00e5 i vores moderne liv kan l\u00e6re meget af tidligere tiders viden.  <\/p>\n\n<p>Livsstilssygdomme over hele verden er kendetegnet ved tab af tarmbakterier, der ikke kan t\u00e5le ilt (anaerober), mens de, der kan t\u00e5le ilt, har taget helt over. Mennesker, dyr og fisk er alle afh\u00e6ngige af kontakt med jorden. N\u00e5r denne kontakt g\u00e5r tabt i vores moderne samfund, skal den erstattes. Mod slutningen uddyber Jan Raa sammenh\u00e6ngen mellem tarmfloraen og udviklingen af kr\u00e6ft. &#8220;Det viser sig, at de, der har bevaret visse anaerobe bakterier i deres tarme, overlever meget l\u00e6ngere end dem, der ikke har.    <\/p>\n\n<p>Bare for at n\u00e6vne noget af denne fascinerende samtale med l\u00e6ge Annette Dragland, som du kan lytte til p\u00e5 <strong><a href=\"https:\/\/open.spotify.com\/episode\/5BXgWFSdGkY451LVJ7vfQy\" target=\"_blank\" rel=\"noreferrer noopener\">Spotify<\/a><\/strong>, <strong><a href=\"https:\/\/feeds.acast.com\/public\/shows\/5f883c4673174a1b3a21b64b\" target=\"_blank\" rel=\"noreferrer noopener\">Acast<\/a><\/strong> (episode #229) eller <a href=\"https:\/\/podcasts.apple.com\/no\/podcast\/229-bovaer-metanhemmere-eksperimentering-spr%C3%B8ytemidler\/id1539212619?i=1000737186275\"><strong>Apple<\/strong><\/a>. Du kan finde vores jordprodukt EderaGard <a href=\"https:\/\/ederagenhelse.no\/ny2026\/da\/produkt\/ederagard\/\"><strong>her<\/strong><\/a>. <\/p>\n\n<p><\/p>\n","protected":false},"excerpt":{"rendered":"<p>Endnu en gang er vores formand Jan Raa g\u00e6st i Annette Draglands meget popul\u00e6re podcast Leger om livet. Han deler sine tanker om udviklingen i landbruget og f\u00f8devareproduktionen, som han personligt har oplevet den siden krigen og frem til i dag. Her er der meget at l\u00e6re om, hvordan \u00e6ndringer i naturen og produktionsmetoderne p\u00e5virker [&hellip;]<\/p>\n","protected":false},"author":1,"featured_media":20893,"comment_status":"closed","ping_status":"closed","sticky":false,"template":"","format":"standard","meta":{"footnotes":""},"categories":[29],"tags":[],"class_list":["post-20898","post","type-post","status-publish","format-standard","has-post-thumbnail","hentry","category-uncategorized-da"],"yoast_head":"<!-- This site is optimized with the Yoast SEO plugin v27.4 - https:\/\/yoast.com\/product\/yoast-seo-wordpress\/ -->\n<title>&quot;Giv os i dag vores daglige mikrobe&quot;. Jan Raa er g\u00e6st i podcasten Leger om livet. - Ederagen Helse<\/title>\n<meta name=\"robots\" content=\"noindex, follow, max-snippet:-1, max-image-preview:large, max-video-preview:-1\" \/>\n<meta property=\"og:locale\" content=\"da_DK\" \/>\n<meta property=\"og:type\" content=\"article\" \/>\n<meta property=\"og:title\" content=\"&quot;Giv os i dag vores daglige mikrobe&quot;. Jan Raa er g\u00e6st i podcasten Leger om livet. - Ederagen Helse\" \/>\n<meta property=\"og:description\" content=\"Endnu en gang er vores formand Jan Raa g\u00e6st i Annette Draglands meget popul\u00e6re podcast Leger om livet. Han deler sine tanker om udviklingen i landbruget og f\u00f8devareproduktionen, som han personligt har oplevet den siden krigen og frem til i dag. Her er der meget at l\u00e6re om, hvordan \u00e6ndringer i naturen og produktionsmetoderne p\u00e5virker [&hellip;]\" \/>\n<meta property=\"og:url\" content=\"https:\/\/ederagenhelse.no\/ny2026\/da\/giv-os-i-dag-vores-daglige-mikrobe-jan-raa-er-gaest-i-podcasten-leger-om-livet\/\" \/>\n<meta property=\"og:site_name\" content=\"Ederagen Helse\" \/>\n<meta property=\"article:published_time\" content=\"2025-11-26T12:47:01+00:00\" \/>\n<meta property=\"article:modified_time\" content=\"2025-11-26T12:47:13+00:00\" \/>\n<meta property=\"og:image\" content=\"https:\/\/ederagenhelse.no\/ny2026\/wp-content\/uploads\/2025\/11\/Annette-Dragland.jpg\" \/>\n\t<meta property=\"og:image:width\" content=\"550\" \/>\n\t<meta property=\"og:image:height\" content=\"538\" \/>\n\t<meta property=\"og:image:type\" content=\"image\/jpeg\" \/>\n<meta name=\"author\" content=\"EderaGen AS\" \/>\n<meta name=\"twitter:card\" content=\"summary_large_image\" \/>\n<meta name=\"twitter:label1\" content=\"Skrevet af\" \/>\n\t<meta name=\"twitter:data1\" content=\"EderaGen AS\" \/>\n\t<meta name=\"twitter:label2\" content=\"Estimeret l\u00e6setid\" \/>\n\t<meta name=\"twitter:data2\" content=\"2 minutter\" \/>\n<script type=\"application\/ld+json\" class=\"yoast-schema-graph\">{\"@context\":\"https:\\\/\\\/schema.org\",\"@graph\":[{\"@type\":\"Article\",\"@id\":\"https:\\\/\\\/ederagenhelse.no\\\/ny2026\\\/da\\\/giv-os-i-dag-vores-daglige-mikrobe-jan-raa-er-gaest-i-podcasten-leger-om-livet\\\/#article\",\"isPartOf\":{\"@id\":\"https:\\\/\\\/ederagenhelse.no\\\/ny2026\\\/da\\\/giv-os-i-dag-vores-daglige-mikrobe-jan-raa-er-gaest-i-podcasten-leger-om-livet\\\/\"},\"author\":{\"name\":\"EderaGen AS\",\"@id\":\"https:\\\/\\\/ederagenhelse.no\\\/ny2026\\\/#\\\/schema\\\/person\\\/74757d93f8a85a1e181e605a334663fb\"},\"headline\":\"&#8220;Giv os i dag vores daglige mikrobe&#8221;. Jan Raa er g\u00e6st i podcasten Leger om livet.\",\"datePublished\":\"2025-11-26T12:47:01+00:00\",\"dateModified\":\"2025-11-26T12:47:13+00:00\",\"mainEntityOfPage\":{\"@id\":\"https:\\\/\\\/ederagenhelse.no\\\/ny2026\\\/da\\\/giv-os-i-dag-vores-daglige-mikrobe-jan-raa-er-gaest-i-podcasten-leger-om-livet\\\/\"},\"wordCount\":395,\"publisher\":{\"@id\":\"https:\\\/\\\/ederagenhelse.no\\\/ny2026\\\/#organization\"},\"image\":{\"@id\":\"https:\\\/\\\/ederagenhelse.no\\\/ny2026\\\/da\\\/giv-os-i-dag-vores-daglige-mikrobe-jan-raa-er-gaest-i-podcasten-leger-om-livet\\\/#primaryimage\"},\"thumbnailUrl\":\"https:\\\/\\\/ederagenhelse.no\\\/ny2026\\\/wp-content\\\/uploads\\\/2025\\\/11\\\/Annette-Dragland.jpg\",\"articleSection\":[\"Uncategorized @da\"],\"inLanguage\":\"da-DK\"},{\"@type\":\"WebPage\",\"@id\":\"https:\\\/\\\/ederagenhelse.no\\\/ny2026\\\/da\\\/giv-os-i-dag-vores-daglige-mikrobe-jan-raa-er-gaest-i-podcasten-leger-om-livet\\\/\",\"url\":\"https:\\\/\\\/ederagenhelse.no\\\/ny2026\\\/da\\\/giv-os-i-dag-vores-daglige-mikrobe-jan-raa-er-gaest-i-podcasten-leger-om-livet\\\/\",\"name\":\"\\\"Giv os i dag vores daglige mikrobe\\\". Jan Raa er g\u00e6st i podcasten Leger om livet. - Ederagen Helse\",\"isPartOf\":{\"@id\":\"https:\\\/\\\/ederagenhelse.no\\\/ny2026\\\/#website\"},\"primaryImageOfPage\":{\"@id\":\"https:\\\/\\\/ederagenhelse.no\\\/ny2026\\\/da\\\/giv-os-i-dag-vores-daglige-mikrobe-jan-raa-er-gaest-i-podcasten-leger-om-livet\\\/#primaryimage\"},\"image\":{\"@id\":\"https:\\\/\\\/ederagenhelse.no\\\/ny2026\\\/da\\\/giv-os-i-dag-vores-daglige-mikrobe-jan-raa-er-gaest-i-podcasten-leger-om-livet\\\/#primaryimage\"},\"thumbnailUrl\":\"https:\\\/\\\/ederagenhelse.no\\\/ny2026\\\/wp-content\\\/uploads\\\/2025\\\/11\\\/Annette-Dragland.jpg\",\"datePublished\":\"2025-11-26T12:47:01+00:00\",\"dateModified\":\"2025-11-26T12:47:13+00:00\",\"breadcrumb\":{\"@id\":\"https:\\\/\\\/ederagenhelse.no\\\/ny2026\\\/da\\\/giv-os-i-dag-vores-daglige-mikrobe-jan-raa-er-gaest-i-podcasten-leger-om-livet\\\/#breadcrumb\"},\"inLanguage\":\"da-DK\",\"potentialAction\":[{\"@type\":\"ReadAction\",\"target\":[\"https:\\\/\\\/ederagenhelse.no\\\/ny2026\\\/da\\\/giv-os-i-dag-vores-daglige-mikrobe-jan-raa-er-gaest-i-podcasten-leger-om-livet\\\/\"]}]},{\"@type\":\"ImageObject\",\"inLanguage\":\"da-DK\",\"@id\":\"https:\\\/\\\/ederagenhelse.no\\\/ny2026\\\/da\\\/giv-os-i-dag-vores-daglige-mikrobe-jan-raa-er-gaest-i-podcasten-leger-om-livet\\\/#primaryimage\",\"url\":\"https:\\\/\\\/ederagenhelse.no\\\/ny2026\\\/wp-content\\\/uploads\\\/2025\\\/11\\\/Annette-Dragland.jpg\",\"contentUrl\":\"https:\\\/\\\/ederagenhelse.no\\\/ny2026\\\/wp-content\\\/uploads\\\/2025\\\/11\\\/Annette-Dragland.jpg\",\"width\":550,\"height\":538},{\"@type\":\"BreadcrumbList\",\"@id\":\"https:\\\/\\\/ederagenhelse.no\\\/ny2026\\\/da\\\/giv-os-i-dag-vores-daglige-mikrobe-jan-raa-er-gaest-i-podcasten-leger-om-livet\\\/#breadcrumb\",\"itemListElement\":[{\"@type\":\"ListItem\",\"position\":1,\"name\":\"Hjem\",\"item\":\"https:\\\/\\\/ederagenhelse.no\\\/ny2026\\\/\"},{\"@type\":\"ListItem\",\"position\":2,\"name\":\"&#8220;Giv os i dag vores daglige mikrobe&#8221;. Jan Raa er g\u00e6st i podcasten Leger om livet.\"}]},{\"@type\":\"WebSite\",\"@id\":\"https:\\\/\\\/ederagenhelse.no\\\/ny2026\\\/#website\",\"url\":\"https:\\\/\\\/ederagenhelse.no\\\/ny2026\\\/\",\"name\":\"Ederagen Helse\",\"description\":\"Lidenskapelig opptatt av god helse og godt immunforsvar\",\"publisher\":{\"@id\":\"https:\\\/\\\/ederagenhelse.no\\\/ny2026\\\/#organization\"},\"potentialAction\":[{\"@type\":\"SearchAction\",\"target\":{\"@type\":\"EntryPoint\",\"urlTemplate\":\"https:\\\/\\\/ederagenhelse.no\\\/ny2026\\\/?s={search_term_string}\"},\"query-input\":{\"@type\":\"PropertyValueSpecification\",\"valueRequired\":true,\"valueName\":\"search_term_string\"}}],\"inLanguage\":\"da-DK\"},{\"@type\":\"Organization\",\"@id\":\"https:\\\/\\\/ederagenhelse.no\\\/ny2026\\\/#organization\",\"name\":\"Ederagen Helse\",\"url\":\"https:\\\/\\\/ederagenhelse.no\\\/ny2026\\\/\",\"logo\":{\"@type\":\"ImageObject\",\"inLanguage\":\"da-DK\",\"@id\":\"https:\\\/\\\/ederagenhelse.no\\\/ny2026\\\/#\\\/schema\\\/logo\\\/image\\\/\",\"url\":\"https:\\\/\\\/ederagenhelse.no\\\/ny2026\\\/wp-content\\\/uploads\\\/2024\\\/02\\\/logo-hvit-1.png\",\"contentUrl\":\"https:\\\/\\\/ederagenhelse.no\\\/ny2026\\\/wp-content\\\/uploads\\\/2024\\\/02\\\/logo-hvit-1.png\",\"width\":2560,\"height\":418,\"caption\":\"Ederagen Helse \"},\"image\":{\"@id\":\"https:\\\/\\\/ederagenhelse.no\\\/ny2026\\\/#\\\/schema\\\/logo\\\/image\\\/\"}},{\"@type\":\"Person\",\"@id\":\"https:\\\/\\\/ederagenhelse.no\\\/ny2026\\\/#\\\/schema\\\/person\\\/74757d93f8a85a1e181e605a334663fb\",\"name\":\"EderaGen AS\",\"image\":{\"@type\":\"ImageObject\",\"inLanguage\":\"da-DK\",\"@id\":\"https:\\\/\\\/secure.gravatar.com\\\/avatar\\\/ca1e76409c73cddcce1a64f77a24b5018bd9099155edc8388775e81a32f397a2?s=96&d=mm&r=g\",\"url\":\"https:\\\/\\\/secure.gravatar.com\\\/avatar\\\/ca1e76409c73cddcce1a64f77a24b5018bd9099155edc8388775e81a32f397a2?s=96&d=mm&r=g\",\"contentUrl\":\"https:\\\/\\\/secure.gravatar.com\\\/avatar\\\/ca1e76409c73cddcce1a64f77a24b5018bd9099155edc8388775e81a32f397a2?s=96&d=mm&r=g\",\"caption\":\"EderaGen AS\"},\"sameAs\":[\"https:\\\/\\\/ny.ederagenhelse.no\"],\"url\":\"https:\\\/\\\/ederagenhelse.no\\\/ny2026\\\/da\\\/author\\\/ederagen-as\\\/\"}]}<\/script>\n<!-- \/ Yoast SEO plugin. -->","yoast_head_json":{"title":"\"Giv os i dag vores daglige mikrobe\". Jan Raa er g\u00e6st i podcasten Leger om livet. - Ederagen Helse","robots":{"index":"noindex","follow":"follow","max-snippet":"max-snippet:-1","max-image-preview":"max-image-preview:large","max-video-preview":"max-video-preview:-1"},"og_locale":"da_DK","og_type":"article","og_title":"\"Giv os i dag vores daglige mikrobe\". Jan Raa er g\u00e6st i podcasten Leger om livet. - Ederagen Helse","og_description":"Endnu en gang er vores formand Jan Raa g\u00e6st i Annette Draglands meget popul\u00e6re podcast Leger om livet. Han deler sine tanker om udviklingen i landbruget og f\u00f8devareproduktionen, som han personligt har oplevet den siden krigen og frem til i dag. Her er der meget at l\u00e6re om, hvordan \u00e6ndringer i naturen og produktionsmetoderne p\u00e5virker [&hellip;]","og_url":"https:\/\/ederagenhelse.no\/ny2026\/da\/giv-os-i-dag-vores-daglige-mikrobe-jan-raa-er-gaest-i-podcasten-leger-om-livet\/","og_site_name":"Ederagen Helse","article_published_time":"2025-11-26T12:47:01+00:00","article_modified_time":"2025-11-26T12:47:13+00:00","og_image":[{"width":550,"height":538,"url":"https:\/\/ederagenhelse.no\/ny2026\/wp-content\/uploads\/2025\/11\/Annette-Dragland.jpg","type":"image\/jpeg"}],"author":"EderaGen AS","twitter_card":"summary_large_image","twitter_misc":{"Skrevet af":"EderaGen AS","Estimeret l\u00e6setid":"2 minutter"},"schema":{"@context":"https:\/\/schema.org","@graph":[{"@type":"Article","@id":"https:\/\/ederagenhelse.no\/ny2026\/da\/giv-os-i-dag-vores-daglige-mikrobe-jan-raa-er-gaest-i-podcasten-leger-om-livet\/#article","isPartOf":{"@id":"https:\/\/ederagenhelse.no\/ny2026\/da\/giv-os-i-dag-vores-daglige-mikrobe-jan-raa-er-gaest-i-podcasten-leger-om-livet\/"},"author":{"name":"EderaGen AS","@id":"https:\/\/ederagenhelse.no\/ny2026\/#\/schema\/person\/74757d93f8a85a1e181e605a334663fb"},"headline":"&#8220;Giv os i dag vores daglige mikrobe&#8221;. Jan Raa er g\u00e6st i podcasten Leger om livet.","datePublished":"2025-11-26T12:47:01+00:00","dateModified":"2025-11-26T12:47:13+00:00","mainEntityOfPage":{"@id":"https:\/\/ederagenhelse.no\/ny2026\/da\/giv-os-i-dag-vores-daglige-mikrobe-jan-raa-er-gaest-i-podcasten-leger-om-livet\/"},"wordCount":395,"publisher":{"@id":"https:\/\/ederagenhelse.no\/ny2026\/#organization"},"image":{"@id":"https:\/\/ederagenhelse.no\/ny2026\/da\/giv-os-i-dag-vores-daglige-mikrobe-jan-raa-er-gaest-i-podcasten-leger-om-livet\/#primaryimage"},"thumbnailUrl":"https:\/\/ederagenhelse.no\/ny2026\/wp-content\/uploads\/2025\/11\/Annette-Dragland.jpg","articleSection":["Uncategorized @da"],"inLanguage":"da-DK"},{"@type":"WebPage","@id":"https:\/\/ederagenhelse.no\/ny2026\/da\/giv-os-i-dag-vores-daglige-mikrobe-jan-raa-er-gaest-i-podcasten-leger-om-livet\/","url":"https:\/\/ederagenhelse.no\/ny2026\/da\/giv-os-i-dag-vores-daglige-mikrobe-jan-raa-er-gaest-i-podcasten-leger-om-livet\/","name":"\"Giv os i dag vores daglige mikrobe\". Jan Raa er g\u00e6st i podcasten Leger om livet. - Ederagen Helse","isPartOf":{"@id":"https:\/\/ederagenhelse.no\/ny2026\/#website"},"primaryImageOfPage":{"@id":"https:\/\/ederagenhelse.no\/ny2026\/da\/giv-os-i-dag-vores-daglige-mikrobe-jan-raa-er-gaest-i-podcasten-leger-om-livet\/#primaryimage"},"image":{"@id":"https:\/\/ederagenhelse.no\/ny2026\/da\/giv-os-i-dag-vores-daglige-mikrobe-jan-raa-er-gaest-i-podcasten-leger-om-livet\/#primaryimage"},"thumbnailUrl":"https:\/\/ederagenhelse.no\/ny2026\/wp-content\/uploads\/2025\/11\/Annette-Dragland.jpg","datePublished":"2025-11-26T12:47:01+00:00","dateModified":"2025-11-26T12:47:13+00:00","breadcrumb":{"@id":"https:\/\/ederagenhelse.no\/ny2026\/da\/giv-os-i-dag-vores-daglige-mikrobe-jan-raa-er-gaest-i-podcasten-leger-om-livet\/#breadcrumb"},"inLanguage":"da-DK","potentialAction":[{"@type":"ReadAction","target":["https:\/\/ederagenhelse.no\/ny2026\/da\/giv-os-i-dag-vores-daglige-mikrobe-jan-raa-er-gaest-i-podcasten-leger-om-livet\/"]}]},{"@type":"ImageObject","inLanguage":"da-DK","@id":"https:\/\/ederagenhelse.no\/ny2026\/da\/giv-os-i-dag-vores-daglige-mikrobe-jan-raa-er-gaest-i-podcasten-leger-om-livet\/#primaryimage","url":"https:\/\/ederagenhelse.no\/ny2026\/wp-content\/uploads\/2025\/11\/Annette-Dragland.jpg","contentUrl":"https:\/\/ederagenhelse.no\/ny2026\/wp-content\/uploads\/2025\/11\/Annette-Dragland.jpg","width":550,"height":538},{"@type":"BreadcrumbList","@id":"https:\/\/ederagenhelse.no\/ny2026\/da\/giv-os-i-dag-vores-daglige-mikrobe-jan-raa-er-gaest-i-podcasten-leger-om-livet\/#breadcrumb","itemListElement":[{"@type":"ListItem","position":1,"name":"Hjem","item":"https:\/\/ederagenhelse.no\/ny2026\/"},{"@type":"ListItem","position":2,"name":"&#8220;Giv os i dag vores daglige mikrobe&#8221;. Jan Raa er g\u00e6st i podcasten Leger om livet."}]},{"@type":"WebSite","@id":"https:\/\/ederagenhelse.no\/ny2026\/#website","url":"https:\/\/ederagenhelse.no\/ny2026\/","name":"Ederagen Helse","description":"Lidenskapelig opptatt av god helse og godt immunforsvar","publisher":{"@id":"https:\/\/ederagenhelse.no\/ny2026\/#organization"},"potentialAction":[{"@type":"SearchAction","target":{"@type":"EntryPoint","urlTemplate":"https:\/\/ederagenhelse.no\/ny2026\/?s={search_term_string}"},"query-input":{"@type":"PropertyValueSpecification","valueRequired":true,"valueName":"search_term_string"}}],"inLanguage":"da-DK"},{"@type":"Organization","@id":"https:\/\/ederagenhelse.no\/ny2026\/#organization","name":"Ederagen Helse","url":"https:\/\/ederagenhelse.no\/ny2026\/","logo":{"@type":"ImageObject","inLanguage":"da-DK","@id":"https:\/\/ederagenhelse.no\/ny2026\/#\/schema\/logo\/image\/","url":"https:\/\/ederagenhelse.no\/ny2026\/wp-content\/uploads\/2024\/02\/logo-hvit-1.png","contentUrl":"https:\/\/ederagenhelse.no\/ny2026\/wp-content\/uploads\/2024\/02\/logo-hvit-1.png","width":2560,"height":418,"caption":"Ederagen Helse "},"image":{"@id":"https:\/\/ederagenhelse.no\/ny2026\/#\/schema\/logo\/image\/"}},{"@type":"Person","@id":"https:\/\/ederagenhelse.no\/ny2026\/#\/schema\/person\/74757d93f8a85a1e181e605a334663fb","name":"EderaGen AS","image":{"@type":"ImageObject","inLanguage":"da-DK","@id":"https:\/\/secure.gravatar.com\/avatar\/ca1e76409c73cddcce1a64f77a24b5018bd9099155edc8388775e81a32f397a2?s=96&d=mm&r=g","url":"https:\/\/secure.gravatar.com\/avatar\/ca1e76409c73cddcce1a64f77a24b5018bd9099155edc8388775e81a32f397a2?s=96&d=mm&r=g","contentUrl":"https:\/\/secure.gravatar.com\/avatar\/ca1e76409c73cddcce1a64f77a24b5018bd9099155edc8388775e81a32f397a2?s=96&d=mm&r=g","caption":"EderaGen AS"},"sameAs":["https:\/\/ny.ederagenhelse.no"],"url":"https:\/\/ederagenhelse.no\/ny2026\/da\/author\/ederagen-as\/"}]}},"_links":{"self":[{"href":"https:\/\/ederagenhelse.no\/ny2026\/da\/wp-json\/wp\/v2\/posts\/20898","targetHints":{"allow":["GET"]}}],"collection":[{"href":"https:\/\/ederagenhelse.no\/ny2026\/da\/wp-json\/wp\/v2\/posts"}],"about":[{"href":"https:\/\/ederagenhelse.no\/ny2026\/da\/wp-json\/wp\/v2\/types\/post"}],"author":[{"embeddable":true,"href":"https:\/\/ederagenhelse.no\/ny2026\/da\/wp-json\/wp\/v2\/users\/1"}],"replies":[{"embeddable":true,"href":"https:\/\/ederagenhelse.no\/ny2026\/da\/wp-json\/wp\/v2\/comments?post=20898"}],"version-history":[{"count":1,"href":"https:\/\/ederagenhelse.no\/ny2026\/da\/wp-json\/wp\/v2\/posts\/20898\/revisions"}],"predecessor-version":[{"id":20899,"href":"https:\/\/ederagenhelse.no\/ny2026\/da\/wp-json\/wp\/v2\/posts\/20898\/revisions\/20899"}],"wp:featuredmedia":[{"embeddable":true,"href":"https:\/\/ederagenhelse.no\/ny2026\/da\/wp-json\/wp\/v2\/media\/20893"}],"wp:attachment":[{"href":"https:\/\/ederagenhelse.no\/ny2026\/da\/wp-json\/wp\/v2\/media?parent=20898"}],"wp:term":[{"taxonomy":"category","embeddable":true,"href":"https:\/\/ederagenhelse.no\/ny2026\/da\/wp-json\/wp\/v2\/categories?post=20898"},{"taxonomy":"post_tag","embeddable":true,"href":"https:\/\/ederagenhelse.no\/ny2026\/da\/wp-json\/wp\/v2\/tags?post=20898"}],"curies":[{"name":"wp","href":"https:\/\/api.w.org\/{rel}","templated":true}]}}