{"id":19921,"date":"2025-10-20T12:31:43","date_gmt":"2025-10-20T12:31:43","guid":{"rendered":"https:\/\/ederagenhelse.no\/ny2026\/jan-raa-er-stolt-og-meget-begejstret-i-ny-podcast\/"},"modified":"2025-10-20T12:32:29","modified_gmt":"2025-10-20T12:32:29","slug":"jan-raa-er-stolt-og-meget-begejstret-i-ny-podcast","status":"publish","type":"post","link":"https:\/\/ederagenhelse.no\/ny2026\/da\/jan-raa-er-stolt-og-meget-begejstret-i-ny-podcast\/","title":{"rendered":"Jan Raa er stolt og meget begejstret i ny podcast"},"content":{"rendered":"\n<p>Annette L\u00f8no driver Nervusklinikken i Stavanger og arbejder i \u00f8jeblikket p\u00e5 bogen <em>Vagusnerven, kroppens skjulte superkraft<\/em>. Hun driver ogs\u00e5 podcasten Helsetipspodden, hvor hun for nylig havde vores formand Jan Raa som g\u00e6st. <\/p>\n\n<p>Inden timen er omme, fort\u00e6ller Jan Raa, hvor stolt han er over, at han og hans kolleger har fundet en af de komponenter, der g\u00f8r jorden gunstig for \u00f8kosystemet af mikroflora i tarmen. &#8220;For at kunne g\u00f8re det til noget, vi i Norge kan f\u00e5 gavn af, var man n\u00f8dt til at patentere det &#8211; for at beskytte sin egen opfindelse og have kontrol over, hvordan den bliver udnyttet. Opfindelsen er nu patenteret i Norge, Japan og USA. Tidligere i programmet afsl\u00f8rer Jan Raa ogs\u00e5, at han blev meget begejstret, da mikrobiologer i Kina havde udf\u00f8rt videnskabeligt arbejde, som var helt i tr\u00e5d med den patenterede opfindelse, og som bekr\u00e6ftede den.   <\/p>\n\n<p>Som vores kunder ved, er kosttilskuddet <strong><u><a href=\"https:\/\/ederagenhelse.no\/ny2026\/da\/produkt\/ederagard\/\">EderaGard<\/a><\/u><\/strong> det f\u00f8rste produkt, der er kommet ud af denne opfindelse. Men Jan Raa forklarer, at ejerskab af en patenteret opfindelse ogs\u00e5 \u00e5bner d\u00f8ren til andre produktformuleringer med et betydeligt sundhedspotentiale. For eksempel siger han, at en afbalanceret tarmflora er vigtig for, at en immunterapibehandling kan virke. Han afsl\u00f8rer, at han p\u00e5 baggrund af patentet vil g\u00e5 i gang med medicinsk udvikling i den retning &#8211; en sp\u00e6ndende opgave for en veteran som ham selv og gode kolleger, og som kan blive langvarig.   <\/p>\n\n<p>Men episoden d\u00e6kker ogs\u00e5 mange andre sp\u00e6ndende emner, bl.a. hvordan mikroberne i tarmen kommunikerer med hjernen. Du kan finde sundhedspodcastens egen indholdsfortegnelse nedenfor. S\u00e6t en time og 45 minutter af og nyd Jan Raas univers. Du kan finde det p\u00e5 <g id=\"gid_0\"><g id=\"gid_1\"><g id=\"gid_2\">Spotify<\/g><\/g><\/g> og <g id=\"gid_3\"><g id=\"gid_4\"><g id=\"gid_5\">Apple Podcast<\/g><\/g><\/g>. Og glem ikke at tjekke EderaGard ud i vores webshop, <strong><u><a href=\"https:\/\/ederagenhelse.no\/ny2026\/da\/produkt\/ederagard\/\">her<\/a><\/u><\/strong>.    <\/p>\n\n<ol class=\"wp-block-list\">\n<li>Hvad der \u00f8del\u00e6gger &#8211; og hvad der opbygger &#8211; tarmens \u00f8kosystem.<\/li>\n\n\n\n<li>Hvordan vestlig livsstil, ultraforarbejdet mad og kunstige tils\u00e6tningsstoffer skaber ubalance (dysbiose).<\/li>\n\n\n\n<li>Hvorfor tab af bakterier er forbundet med sygdomme som IBS, fedme, diabetes, depression og Parkinsons.<\/li>\n\n\n\n<li>Videnskabelig forn\u00e6gtelse &#8211; hvorfor akut toksicitet ikke er relevant nok, men langtidseffekter er.<\/li>\n\n\n\n<li>At vores kostr\u00e5d ikke tager h\u00f8jde for, at den mad, vi spiser, ogs\u00e5 er f\u00f8de for vores tarmmikrober.<\/li>\n\n\n\n<li>Hvorfor stoffer, der ikke forekommer naturligt i den mad, vi har spist gennem evolutionen, heller ikke h\u00f8rer hjemme der.<\/li>\n\n\n\n<li>Hvordan omega-6-fedtsyrer fra planteolier fremmer inflammation, mens omega-3 er anti-inflammatorisk.<\/li>\n\n\n\n<li>Forholdet mellem tarmflora, hum\u00f8rsvingninger, angst og depression.<\/li>\n\n\n\n<li>Forbindelsen mellem fusobakterier og tyktarmskr\u00e6ft.<\/li>\n\n\n\n<li>Hvorfor vi er n\u00f8dt til at se livsstilssygdomme som resultatet af en ubalance i hele kroppens \u00f8kosystem &#8211; ikke bare som isolerede fejl.<\/li>\n\n\n\n<li>Hvad vi kan g\u00f8re: vende tilbage til naturlig mad, \u00f8kologiske produkter og t\u00e6t kontakt med naturen.<\/li>\n<\/ol>\n\n<p><\/p>\n","protected":false},"excerpt":{"rendered":"<p>Annette L\u00f8no driver Nervusklinikken i Stavanger og arbejder i \u00f8jeblikket p\u00e5 bogen Vagusnerven, kroppens skjulte superkraft. Hun driver ogs\u00e5 podcasten Helsetipspodden, hvor hun for nylig havde vores formand Jan Raa som g\u00e6st. Inden timen er omme, fort\u00e6ller Jan Raa, hvor stolt han er over, at han og hans kolleger har fundet en af de komponenter, [&hellip;]<\/p>\n","protected":false},"author":1,"featured_media":19905,"comment_status":"closed","ping_status":"closed","sticky":false,"template":"","format":"standard","meta":{"footnotes":""},"categories":[29],"tags":[],"class_list":["post-19921","post","type-post","status-publish","format-standard","has-post-thumbnail","hentry","category-uncategorized-da"],"yoast_head":"<!-- This site is optimized with the Yoast SEO plugin v27.4 - https:\/\/yoast.com\/product\/yoast-seo-wordpress\/ -->\n<title>Jan Raa er stolt og meget begejstret i ny podcast - Ederagen Helse<\/title>\n<meta name=\"robots\" content=\"noindex, follow, max-snippet:-1, max-image-preview:large, max-video-preview:-1\" \/>\n<meta property=\"og:locale\" content=\"da_DK\" \/>\n<meta property=\"og:type\" content=\"article\" \/>\n<meta property=\"og:title\" content=\"Jan Raa er stolt og meget begejstret i ny podcast - Ederagen Helse\" \/>\n<meta property=\"og:description\" content=\"Annette L\u00f8no driver Nervusklinikken i Stavanger og arbejder i \u00f8jeblikket p\u00e5 bogen Vagusnerven, kroppens skjulte superkraft. Hun driver ogs\u00e5 podcasten Helsetipspodden, hvor hun for nylig havde vores formand Jan Raa som g\u00e6st. Inden timen er omme, fort\u00e6ller Jan Raa, hvor stolt han er over, at han og hans kolleger har fundet en af de komponenter, [&hellip;]\" \/>\n<meta property=\"og:url\" content=\"https:\/\/ederagenhelse.no\/ny2026\/da\/jan-raa-er-stolt-og-meget-begejstret-i-ny-podcast\/\" \/>\n<meta property=\"og:site_name\" content=\"Ederagen Helse\" \/>\n<meta property=\"article:published_time\" content=\"2025-10-20T12:31:43+00:00\" \/>\n<meta property=\"article:modified_time\" content=\"2025-10-20T12:32:29+00:00\" \/>\n<meta property=\"og:image\" content=\"https:\/\/ederagenhelse.no\/ny2026\/wp-content\/uploads\/2025\/10\/shutterstock_2439125103-breddeformat.jpg\" \/>\n\t<meta property=\"og:image:width\" content=\"1911\" \/>\n\t<meta property=\"og:image:height\" content=\"1147\" \/>\n\t<meta property=\"og:image:type\" content=\"image\/jpeg\" \/>\n<meta name=\"author\" content=\"EderaGen AS\" \/>\n<meta name=\"twitter:card\" content=\"summary_large_image\" \/>\n<meta name=\"twitter:label1\" content=\"Skrevet af\" \/>\n\t<meta name=\"twitter:data1\" content=\"EderaGen AS\" \/>\n\t<meta name=\"twitter:label2\" content=\"Estimeret l\u00e6setid\" \/>\n\t<meta name=\"twitter:data2\" content=\"2 minutter\" \/>\n<script type=\"application\/ld+json\" class=\"yoast-schema-graph\">{\"@context\":\"https:\\\/\\\/schema.org\",\"@graph\":[{\"@type\":\"Article\",\"@id\":\"https:\\\/\\\/ederagenhelse.no\\\/ny2026\\\/da\\\/jan-raa-er-stolt-og-meget-begejstret-i-ny-podcast\\\/#article\",\"isPartOf\":{\"@id\":\"https:\\\/\\\/ederagenhelse.no\\\/ny2026\\\/da\\\/jan-raa-er-stolt-og-meget-begejstret-i-ny-podcast\\\/\"},\"author\":{\"name\":\"EderaGen AS\",\"@id\":\"https:\\\/\\\/ederagenhelse.no\\\/ny2026\\\/#\\\/schema\\\/person\\\/74757d93f8a85a1e181e605a334663fb\"},\"headline\":\"Jan Raa er stolt og meget begejstret i ny podcast\",\"datePublished\":\"2025-10-20T12:31:43+00:00\",\"dateModified\":\"2025-10-20T12:32:29+00:00\",\"mainEntityOfPage\":{\"@id\":\"https:\\\/\\\/ederagenhelse.no\\\/ny2026\\\/da\\\/jan-raa-er-stolt-og-meget-begejstret-i-ny-podcast\\\/\"},\"wordCount\":475,\"publisher\":{\"@id\":\"https:\\\/\\\/ederagenhelse.no\\\/ny2026\\\/#organization\"},\"image\":{\"@id\":\"https:\\\/\\\/ederagenhelse.no\\\/ny2026\\\/da\\\/jan-raa-er-stolt-og-meget-begejstret-i-ny-podcast\\\/#primaryimage\"},\"thumbnailUrl\":\"https:\\\/\\\/ederagenhelse.no\\\/ny2026\\\/wp-content\\\/uploads\\\/2025\\\/10\\\/shutterstock_2439125103-breddeformat.jpg\",\"articleSection\":[\"Uncategorized @da\"],\"inLanguage\":\"da-DK\"},{\"@type\":\"WebPage\",\"@id\":\"https:\\\/\\\/ederagenhelse.no\\\/ny2026\\\/da\\\/jan-raa-er-stolt-og-meget-begejstret-i-ny-podcast\\\/\",\"url\":\"https:\\\/\\\/ederagenhelse.no\\\/ny2026\\\/da\\\/jan-raa-er-stolt-og-meget-begejstret-i-ny-podcast\\\/\",\"name\":\"Jan Raa er stolt og meget begejstret i ny podcast - Ederagen Helse\",\"isPartOf\":{\"@id\":\"https:\\\/\\\/ederagenhelse.no\\\/ny2026\\\/#website\"},\"primaryImageOfPage\":{\"@id\":\"https:\\\/\\\/ederagenhelse.no\\\/ny2026\\\/da\\\/jan-raa-er-stolt-og-meget-begejstret-i-ny-podcast\\\/#primaryimage\"},\"image\":{\"@id\":\"https:\\\/\\\/ederagenhelse.no\\\/ny2026\\\/da\\\/jan-raa-er-stolt-og-meget-begejstret-i-ny-podcast\\\/#primaryimage\"},\"thumbnailUrl\":\"https:\\\/\\\/ederagenhelse.no\\\/ny2026\\\/wp-content\\\/uploads\\\/2025\\\/10\\\/shutterstock_2439125103-breddeformat.jpg\",\"datePublished\":\"2025-10-20T12:31:43+00:00\",\"dateModified\":\"2025-10-20T12:32:29+00:00\",\"breadcrumb\":{\"@id\":\"https:\\\/\\\/ederagenhelse.no\\\/ny2026\\\/da\\\/jan-raa-er-stolt-og-meget-begejstret-i-ny-podcast\\\/#breadcrumb\"},\"inLanguage\":\"da-DK\",\"potentialAction\":[{\"@type\":\"ReadAction\",\"target\":[\"https:\\\/\\\/ederagenhelse.no\\\/ny2026\\\/da\\\/jan-raa-er-stolt-og-meget-begejstret-i-ny-podcast\\\/\"]}]},{\"@type\":\"ImageObject\",\"inLanguage\":\"da-DK\",\"@id\":\"https:\\\/\\\/ederagenhelse.no\\\/ny2026\\\/da\\\/jan-raa-er-stolt-og-meget-begejstret-i-ny-podcast\\\/#primaryimage\",\"url\":\"https:\\\/\\\/ederagenhelse.no\\\/ny2026\\\/wp-content\\\/uploads\\\/2025\\\/10\\\/shutterstock_2439125103-breddeformat.jpg\",\"contentUrl\":\"https:\\\/\\\/ederagenhelse.no\\\/ny2026\\\/wp-content\\\/uploads\\\/2025\\\/10\\\/shutterstock_2439125103-breddeformat.jpg\",\"width\":1911,\"height\":1147},{\"@type\":\"BreadcrumbList\",\"@id\":\"https:\\\/\\\/ederagenhelse.no\\\/ny2026\\\/da\\\/jan-raa-er-stolt-og-meget-begejstret-i-ny-podcast\\\/#breadcrumb\",\"itemListElement\":[{\"@type\":\"ListItem\",\"position\":1,\"name\":\"Hjem\",\"item\":\"https:\\\/\\\/ederagenhelse.no\\\/ny2026\\\/\"},{\"@type\":\"ListItem\",\"position\":2,\"name\":\"Jan Raa er stolt og meget begejstret i ny podcast\"}]},{\"@type\":\"WebSite\",\"@id\":\"https:\\\/\\\/ederagenhelse.no\\\/ny2026\\\/#website\",\"url\":\"https:\\\/\\\/ederagenhelse.no\\\/ny2026\\\/\",\"name\":\"Ederagen Helse\",\"description\":\"Lidenskapelig opptatt av god helse og godt immunforsvar\",\"publisher\":{\"@id\":\"https:\\\/\\\/ederagenhelse.no\\\/ny2026\\\/#organization\"},\"potentialAction\":[{\"@type\":\"SearchAction\",\"target\":{\"@type\":\"EntryPoint\",\"urlTemplate\":\"https:\\\/\\\/ederagenhelse.no\\\/ny2026\\\/?s={search_term_string}\"},\"query-input\":{\"@type\":\"PropertyValueSpecification\",\"valueRequired\":true,\"valueName\":\"search_term_string\"}}],\"inLanguage\":\"da-DK\"},{\"@type\":\"Organization\",\"@id\":\"https:\\\/\\\/ederagenhelse.no\\\/ny2026\\\/#organization\",\"name\":\"Ederagen Helse\",\"url\":\"https:\\\/\\\/ederagenhelse.no\\\/ny2026\\\/\",\"logo\":{\"@type\":\"ImageObject\",\"inLanguage\":\"da-DK\",\"@id\":\"https:\\\/\\\/ederagenhelse.no\\\/ny2026\\\/#\\\/schema\\\/logo\\\/image\\\/\",\"url\":\"https:\\\/\\\/ederagenhelse.no\\\/ny2026\\\/wp-content\\\/uploads\\\/2024\\\/02\\\/logo-hvit-1.png\",\"contentUrl\":\"https:\\\/\\\/ederagenhelse.no\\\/ny2026\\\/wp-content\\\/uploads\\\/2024\\\/02\\\/logo-hvit-1.png\",\"width\":2560,\"height\":418,\"caption\":\"Ederagen Helse \"},\"image\":{\"@id\":\"https:\\\/\\\/ederagenhelse.no\\\/ny2026\\\/#\\\/schema\\\/logo\\\/image\\\/\"}},{\"@type\":\"Person\",\"@id\":\"https:\\\/\\\/ederagenhelse.no\\\/ny2026\\\/#\\\/schema\\\/person\\\/74757d93f8a85a1e181e605a334663fb\",\"name\":\"EderaGen AS\",\"image\":{\"@type\":\"ImageObject\",\"inLanguage\":\"da-DK\",\"@id\":\"https:\\\/\\\/secure.gravatar.com\\\/avatar\\\/ca1e76409c73cddcce1a64f77a24b5018bd9099155edc8388775e81a32f397a2?s=96&d=mm&r=g\",\"url\":\"https:\\\/\\\/secure.gravatar.com\\\/avatar\\\/ca1e76409c73cddcce1a64f77a24b5018bd9099155edc8388775e81a32f397a2?s=96&d=mm&r=g\",\"contentUrl\":\"https:\\\/\\\/secure.gravatar.com\\\/avatar\\\/ca1e76409c73cddcce1a64f77a24b5018bd9099155edc8388775e81a32f397a2?s=96&d=mm&r=g\",\"caption\":\"EderaGen AS\"},\"sameAs\":[\"https:\\\/\\\/ny.ederagenhelse.no\"],\"url\":\"https:\\\/\\\/ederagenhelse.no\\\/ny2026\\\/da\\\/author\\\/ederagen-as\\\/\"}]}<\/script>\n<!-- \/ Yoast SEO plugin. -->","yoast_head_json":{"title":"Jan Raa er stolt og meget begejstret i ny podcast - Ederagen Helse","robots":{"index":"noindex","follow":"follow","max-snippet":"max-snippet:-1","max-image-preview":"max-image-preview:large","max-video-preview":"max-video-preview:-1"},"og_locale":"da_DK","og_type":"article","og_title":"Jan Raa er stolt og meget begejstret i ny podcast - Ederagen Helse","og_description":"Annette L\u00f8no driver Nervusklinikken i Stavanger og arbejder i \u00f8jeblikket p\u00e5 bogen Vagusnerven, kroppens skjulte superkraft. Hun driver ogs\u00e5 podcasten Helsetipspodden, hvor hun for nylig havde vores formand Jan Raa som g\u00e6st. Inden timen er omme, fort\u00e6ller Jan Raa, hvor stolt han er over, at han og hans kolleger har fundet en af de komponenter, [&hellip;]","og_url":"https:\/\/ederagenhelse.no\/ny2026\/da\/jan-raa-er-stolt-og-meget-begejstret-i-ny-podcast\/","og_site_name":"Ederagen Helse","article_published_time":"2025-10-20T12:31:43+00:00","article_modified_time":"2025-10-20T12:32:29+00:00","og_image":[{"width":1911,"height":1147,"url":"https:\/\/ederagenhelse.no\/ny2026\/wp-content\/uploads\/2025\/10\/shutterstock_2439125103-breddeformat.jpg","type":"image\/jpeg"}],"author":"EderaGen AS","twitter_card":"summary_large_image","twitter_misc":{"Skrevet af":"EderaGen AS","Estimeret l\u00e6setid":"2 minutter"},"schema":{"@context":"https:\/\/schema.org","@graph":[{"@type":"Article","@id":"https:\/\/ederagenhelse.no\/ny2026\/da\/jan-raa-er-stolt-og-meget-begejstret-i-ny-podcast\/#article","isPartOf":{"@id":"https:\/\/ederagenhelse.no\/ny2026\/da\/jan-raa-er-stolt-og-meget-begejstret-i-ny-podcast\/"},"author":{"name":"EderaGen AS","@id":"https:\/\/ederagenhelse.no\/ny2026\/#\/schema\/person\/74757d93f8a85a1e181e605a334663fb"},"headline":"Jan Raa er stolt og meget begejstret i ny podcast","datePublished":"2025-10-20T12:31:43+00:00","dateModified":"2025-10-20T12:32:29+00:00","mainEntityOfPage":{"@id":"https:\/\/ederagenhelse.no\/ny2026\/da\/jan-raa-er-stolt-og-meget-begejstret-i-ny-podcast\/"},"wordCount":475,"publisher":{"@id":"https:\/\/ederagenhelse.no\/ny2026\/#organization"},"image":{"@id":"https:\/\/ederagenhelse.no\/ny2026\/da\/jan-raa-er-stolt-og-meget-begejstret-i-ny-podcast\/#primaryimage"},"thumbnailUrl":"https:\/\/ederagenhelse.no\/ny2026\/wp-content\/uploads\/2025\/10\/shutterstock_2439125103-breddeformat.jpg","articleSection":["Uncategorized @da"],"inLanguage":"da-DK"},{"@type":"WebPage","@id":"https:\/\/ederagenhelse.no\/ny2026\/da\/jan-raa-er-stolt-og-meget-begejstret-i-ny-podcast\/","url":"https:\/\/ederagenhelse.no\/ny2026\/da\/jan-raa-er-stolt-og-meget-begejstret-i-ny-podcast\/","name":"Jan Raa er stolt og meget begejstret i ny podcast - Ederagen Helse","isPartOf":{"@id":"https:\/\/ederagenhelse.no\/ny2026\/#website"},"primaryImageOfPage":{"@id":"https:\/\/ederagenhelse.no\/ny2026\/da\/jan-raa-er-stolt-og-meget-begejstret-i-ny-podcast\/#primaryimage"},"image":{"@id":"https:\/\/ederagenhelse.no\/ny2026\/da\/jan-raa-er-stolt-og-meget-begejstret-i-ny-podcast\/#primaryimage"},"thumbnailUrl":"https:\/\/ederagenhelse.no\/ny2026\/wp-content\/uploads\/2025\/10\/shutterstock_2439125103-breddeformat.jpg","datePublished":"2025-10-20T12:31:43+00:00","dateModified":"2025-10-20T12:32:29+00:00","breadcrumb":{"@id":"https:\/\/ederagenhelse.no\/ny2026\/da\/jan-raa-er-stolt-og-meget-begejstret-i-ny-podcast\/#breadcrumb"},"inLanguage":"da-DK","potentialAction":[{"@type":"ReadAction","target":["https:\/\/ederagenhelse.no\/ny2026\/da\/jan-raa-er-stolt-og-meget-begejstret-i-ny-podcast\/"]}]},{"@type":"ImageObject","inLanguage":"da-DK","@id":"https:\/\/ederagenhelse.no\/ny2026\/da\/jan-raa-er-stolt-og-meget-begejstret-i-ny-podcast\/#primaryimage","url":"https:\/\/ederagenhelse.no\/ny2026\/wp-content\/uploads\/2025\/10\/shutterstock_2439125103-breddeformat.jpg","contentUrl":"https:\/\/ederagenhelse.no\/ny2026\/wp-content\/uploads\/2025\/10\/shutterstock_2439125103-breddeformat.jpg","width":1911,"height":1147},{"@type":"BreadcrumbList","@id":"https:\/\/ederagenhelse.no\/ny2026\/da\/jan-raa-er-stolt-og-meget-begejstret-i-ny-podcast\/#breadcrumb","itemListElement":[{"@type":"ListItem","position":1,"name":"Hjem","item":"https:\/\/ederagenhelse.no\/ny2026\/"},{"@type":"ListItem","position":2,"name":"Jan Raa er stolt og meget begejstret i ny podcast"}]},{"@type":"WebSite","@id":"https:\/\/ederagenhelse.no\/ny2026\/#website","url":"https:\/\/ederagenhelse.no\/ny2026\/","name":"Ederagen Helse","description":"Lidenskapelig opptatt av god helse og godt immunforsvar","publisher":{"@id":"https:\/\/ederagenhelse.no\/ny2026\/#organization"},"potentialAction":[{"@type":"SearchAction","target":{"@type":"EntryPoint","urlTemplate":"https:\/\/ederagenhelse.no\/ny2026\/?s={search_term_string}"},"query-input":{"@type":"PropertyValueSpecification","valueRequired":true,"valueName":"search_term_string"}}],"inLanguage":"da-DK"},{"@type":"Organization","@id":"https:\/\/ederagenhelse.no\/ny2026\/#organization","name":"Ederagen Helse","url":"https:\/\/ederagenhelse.no\/ny2026\/","logo":{"@type":"ImageObject","inLanguage":"da-DK","@id":"https:\/\/ederagenhelse.no\/ny2026\/#\/schema\/logo\/image\/","url":"https:\/\/ederagenhelse.no\/ny2026\/wp-content\/uploads\/2024\/02\/logo-hvit-1.png","contentUrl":"https:\/\/ederagenhelse.no\/ny2026\/wp-content\/uploads\/2024\/02\/logo-hvit-1.png","width":2560,"height":418,"caption":"Ederagen Helse "},"image":{"@id":"https:\/\/ederagenhelse.no\/ny2026\/#\/schema\/logo\/image\/"}},{"@type":"Person","@id":"https:\/\/ederagenhelse.no\/ny2026\/#\/schema\/person\/74757d93f8a85a1e181e605a334663fb","name":"EderaGen AS","image":{"@type":"ImageObject","inLanguage":"da-DK","@id":"https:\/\/secure.gravatar.com\/avatar\/ca1e76409c73cddcce1a64f77a24b5018bd9099155edc8388775e81a32f397a2?s=96&d=mm&r=g","url":"https:\/\/secure.gravatar.com\/avatar\/ca1e76409c73cddcce1a64f77a24b5018bd9099155edc8388775e81a32f397a2?s=96&d=mm&r=g","contentUrl":"https:\/\/secure.gravatar.com\/avatar\/ca1e76409c73cddcce1a64f77a24b5018bd9099155edc8388775e81a32f397a2?s=96&d=mm&r=g","caption":"EderaGen AS"},"sameAs":["https:\/\/ny.ederagenhelse.no"],"url":"https:\/\/ederagenhelse.no\/ny2026\/da\/author\/ederagen-as\/"}]}},"_links":{"self":[{"href":"https:\/\/ederagenhelse.no\/ny2026\/da\/wp-json\/wp\/v2\/posts\/19921","targetHints":{"allow":["GET"]}}],"collection":[{"href":"https:\/\/ederagenhelse.no\/ny2026\/da\/wp-json\/wp\/v2\/posts"}],"about":[{"href":"https:\/\/ederagenhelse.no\/ny2026\/da\/wp-json\/wp\/v2\/types\/post"}],"author":[{"embeddable":true,"href":"https:\/\/ederagenhelse.no\/ny2026\/da\/wp-json\/wp\/v2\/users\/1"}],"replies":[{"embeddable":true,"href":"https:\/\/ederagenhelse.no\/ny2026\/da\/wp-json\/wp\/v2\/comments?post=19921"}],"version-history":[{"count":1,"href":"https:\/\/ederagenhelse.no\/ny2026\/da\/wp-json\/wp\/v2\/posts\/19921\/revisions"}],"predecessor-version":[{"id":19922,"href":"https:\/\/ederagenhelse.no\/ny2026\/da\/wp-json\/wp\/v2\/posts\/19921\/revisions\/19922"}],"wp:featuredmedia":[{"embeddable":true,"href":"https:\/\/ederagenhelse.no\/ny2026\/da\/wp-json\/wp\/v2\/media\/19905"}],"wp:attachment":[{"href":"https:\/\/ederagenhelse.no\/ny2026\/da\/wp-json\/wp\/v2\/media?parent=19921"}],"wp:term":[{"taxonomy":"category","embeddable":true,"href":"https:\/\/ederagenhelse.no\/ny2026\/da\/wp-json\/wp\/v2\/categories?post=19921"},{"taxonomy":"post_tag","embeddable":true,"href":"https:\/\/ederagenhelse.no\/ny2026\/da\/wp-json\/wp\/v2\/tags?post=19921"}],"curies":[{"name":"wp","href":"https:\/\/api.w.org\/{rel}","templated":true}]}}