{"id":19025,"date":"2025-09-04T09:19:37","date_gmt":"2025-09-04T09:19:37","guid":{"rendered":"https:\/\/ederagenhelse.no\/ny2026\/morten-isaksen-nyt-bestyrelsesmedlem-i-ederagen-helse-as\/"},"modified":"2025-10-20T11:44:42","modified_gmt":"2025-10-20T11:44:42","slug":"morten-isaksen-nyt-bestyrelsesmedlem-i-ederagen-helse-as","status":"publish","type":"post","link":"https:\/\/ederagenhelse.no\/ny2026\/da\/morten-isaksen-nyt-bestyrelsesmedlem-i-ederagen-helse-as\/","title":{"rendered":"Morten Isaksen nyt bestyrelsesmedlem i EderaGen Helse AS"},"content":{"rendered":"\n<p>EderaGen Helse AS er inde i en sp\u00e6ndende udvikling, ikke mindst p\u00e5 grund af den fantastiske nyhed om et patent i <strong><a href=\"https:\/\/ederagenhelse.no\/ny2026\/da\/gode-nyheder-vi-har-faaet-patent-i-usa-og-fejrer-det-med-et-3-for-2-tilbud\/\" target=\"_blank\" rel=\"noreferrer noopener\">USA<\/a><\/strong> og <a href=\"https:\/\/ederagenhelse.no\/ny2026\/da\/vi-har-faaet-patent-i-japan-det-fejrer-vi-med-et-sommertilbud\/\" target=\"_blank\" rel=\"noreferrer noopener\"><strong>Japan<\/strong><\/a>. Det giver store muligheder og udfordringer, og vi er meget glade for at kunne meddele, at vi har styrket teamet ved at hente Morten Isaksen ind som nyt bestyrelsesmedlem i EderaGen Helse AS. <br\/><br\/>&#8220;Med sin banebrydende ekspertise og lange erfaring inden for omr\u00e5der af stor betydning for virksomhedens udvikling er vi meget glade for, at Morten har valgt at komme om bord,&#8221; siger bestyrelsesformand Jan Raa i en kommentar.<br\/><br\/>Morten Isaksen er kendt fra Bio-Me AS, som han var med til at stifte tilbage i 2016, og hvor han har v\u00e6ret b\u00e5de CEO og Chief Innovation Officer. Det er en virksomhed med stor ekspertise i at analysere tarmbakterier ved hj\u00e6lp af avanceret DNA-teknologi, hvilket har givet Morten v\u00e6rdifuld erfaring med patenter, kliniske fors\u00f8g og forretningsudvikling. Han har ogs\u00e5 tidligere etableret og v\u00e6ret forskningschef i Genetic Analysis AS og har solid erfaring fra andre virksomheder og stillinger, ikke mindst internationalt. Morten Isaksen har en ph.d. fra Universitetet i Oslo.   <br\/><br\/>&#8220;Jeg ser frem til at arbejde med den sp\u00e6ndende teknologi bag EderaGen Health og det fantastiske team i virksomheden. Der er et stort potentiale her, som jeg ser frem til at udvikle,&#8221; siger Morten.<br\/><br\/>&#8220;Der er ingen tvivl om, at Morten vil v\u00e6re en ressourceperson, n\u00e5r virksomheden tager nye skridt ind p\u00e5 nye markeder, og med sit store kontaktnetv\u00e6rk vil han ogs\u00e5 v\u00e6re vigtig i forhold til at udnytte de muligheder, som patenterne giver. Vi tror, at det p\u00e5 sigt vil resultere i nye og sp\u00e6ndende produkter ud over dem, som EderaGen Helse AS s\u00e6lger i dag,&#8221; slutter Jan Raa.<br\/><br\/>Vi byder Morten velkommen om bord og henviser til mere detaljerede oplysninger p\u00e5 hans egen <a href=\"https:\/\/www.linkedin.com\/in\/morten-isaksen-23b4411\/\" target=\"_blank\" rel=\"noreferrer noopener\"><strong>LinkedIn<\/strong><\/a>-side.<\/p>\n","protected":false},"excerpt":{"rendered":"<p>EderaGen Helse AS er inde i en sp\u00e6ndende udvikling, ikke mindst p\u00e5 grund af den fantastiske nyhed om et patent i USA og Japan. Det giver store muligheder og udfordringer, og vi er meget glade for at kunne meddele, at vi har styrket teamet ved at hente Morten Isaksen ind som nyt bestyrelsesmedlem i EderaGen [&hellip;]<\/p>\n","protected":false},"author":1,"featured_media":19021,"comment_status":"closed","ping_status":"closed","sticky":false,"template":"","format":"standard","meta":{"footnotes":""},"categories":[29],"tags":[],"class_list":["post-19025","post","type-post","status-publish","format-standard","has-post-thumbnail","hentry","category-uncategorized-da"],"yoast_head":"<!-- This site is optimized with the Yoast SEO plugin v27.4 - https:\/\/yoast.com\/product\/yoast-seo-wordpress\/ -->\n<title>Morten Isaksen nyt bestyrelsesmedlem i EderaGen Helse AS - Ederagen Helse<\/title>\n<meta name=\"robots\" content=\"noindex, follow, max-snippet:-1, max-image-preview:large, max-video-preview:-1\" \/>\n<meta property=\"og:locale\" content=\"da_DK\" \/>\n<meta property=\"og:type\" content=\"article\" \/>\n<meta property=\"og:title\" content=\"Morten Isaksen nyt bestyrelsesmedlem i EderaGen Helse AS - Ederagen Helse\" \/>\n<meta property=\"og:description\" content=\"EderaGen Helse AS er inde i en sp\u00e6ndende udvikling, ikke mindst p\u00e5 grund af den fantastiske nyhed om et patent i USA og Japan. Det giver store muligheder og udfordringer, og vi er meget glade for at kunne meddele, at vi har styrket teamet ved at hente Morten Isaksen ind som nyt bestyrelsesmedlem i EderaGen [&hellip;]\" \/>\n<meta property=\"og:url\" content=\"https:\/\/ederagenhelse.no\/ny2026\/da\/morten-isaksen-nyt-bestyrelsesmedlem-i-ederagen-helse-as\/\" \/>\n<meta property=\"og:site_name\" content=\"Ederagen Helse\" \/>\n<meta property=\"article:published_time\" content=\"2025-09-04T09:19:37+00:00\" \/>\n<meta property=\"article:modified_time\" content=\"2025-10-20T11:44:42+00:00\" \/>\n<meta property=\"og:image\" content=\"https:\/\/ederagenhelse.no\/ny2026\/wp-content\/uploads\/2025\/09\/Morten.jpeg\" \/>\n\t<meta property=\"og:image:width\" content=\"480\" \/>\n\t<meta property=\"og:image:height\" content=\"545\" \/>\n\t<meta property=\"og:image:type\" content=\"image\/jpeg\" \/>\n<meta name=\"author\" content=\"EderaGen AS\" \/>\n<meta name=\"twitter:card\" content=\"summary_large_image\" \/>\n<meta name=\"twitter:label1\" content=\"Skrevet af\" \/>\n\t<meta name=\"twitter:data1\" content=\"EderaGen AS\" \/>\n\t<meta name=\"twitter:label2\" content=\"Estimeret l\u00e6setid\" \/>\n\t<meta name=\"twitter:data2\" content=\"2 minutter\" \/>\n<script type=\"application\/ld+json\" class=\"yoast-schema-graph\">{\"@context\":\"https:\\\/\\\/schema.org\",\"@graph\":[{\"@type\":\"Article\",\"@id\":\"https:\\\/\\\/ederagenhelse.no\\\/ny2026\\\/da\\\/morten-isaksen-nyt-bestyrelsesmedlem-i-ederagen-helse-as\\\/#article\",\"isPartOf\":{\"@id\":\"https:\\\/\\\/ederagenhelse.no\\\/ny2026\\\/da\\\/morten-isaksen-nyt-bestyrelsesmedlem-i-ederagen-helse-as\\\/\"},\"author\":{\"name\":\"EderaGen AS\",\"@id\":\"https:\\\/\\\/ederagenhelse.no\\\/ny2026\\\/#\\\/schema\\\/person\\\/74757d93f8a85a1e181e605a334663fb\"},\"headline\":\"Morten Isaksen nyt bestyrelsesmedlem i EderaGen Helse AS\",\"datePublished\":\"2025-09-04T09:19:37+00:00\",\"dateModified\":\"2025-10-20T11:44:42+00:00\",\"mainEntityOfPage\":{\"@id\":\"https:\\\/\\\/ederagenhelse.no\\\/ny2026\\\/da\\\/morten-isaksen-nyt-bestyrelsesmedlem-i-ederagen-helse-as\\\/\"},\"wordCount\":322,\"publisher\":{\"@id\":\"https:\\\/\\\/ederagenhelse.no\\\/ny2026\\\/#organization\"},\"image\":{\"@id\":\"https:\\\/\\\/ederagenhelse.no\\\/ny2026\\\/da\\\/morten-isaksen-nyt-bestyrelsesmedlem-i-ederagen-helse-as\\\/#primaryimage\"},\"thumbnailUrl\":\"https:\\\/\\\/ederagenhelse.no\\\/ny2026\\\/wp-content\\\/uploads\\\/2025\\\/09\\\/Morten.jpeg\",\"articleSection\":[\"Uncategorized @da\"],\"inLanguage\":\"da-DK\"},{\"@type\":\"WebPage\",\"@id\":\"https:\\\/\\\/ederagenhelse.no\\\/ny2026\\\/da\\\/morten-isaksen-nyt-bestyrelsesmedlem-i-ederagen-helse-as\\\/\",\"url\":\"https:\\\/\\\/ederagenhelse.no\\\/ny2026\\\/da\\\/morten-isaksen-nyt-bestyrelsesmedlem-i-ederagen-helse-as\\\/\",\"name\":\"Morten Isaksen nyt bestyrelsesmedlem i EderaGen Helse AS - Ederagen Helse\",\"isPartOf\":{\"@id\":\"https:\\\/\\\/ederagenhelse.no\\\/ny2026\\\/#website\"},\"primaryImageOfPage\":{\"@id\":\"https:\\\/\\\/ederagenhelse.no\\\/ny2026\\\/da\\\/morten-isaksen-nyt-bestyrelsesmedlem-i-ederagen-helse-as\\\/#primaryimage\"},\"image\":{\"@id\":\"https:\\\/\\\/ederagenhelse.no\\\/ny2026\\\/da\\\/morten-isaksen-nyt-bestyrelsesmedlem-i-ederagen-helse-as\\\/#primaryimage\"},\"thumbnailUrl\":\"https:\\\/\\\/ederagenhelse.no\\\/ny2026\\\/wp-content\\\/uploads\\\/2025\\\/09\\\/Morten.jpeg\",\"datePublished\":\"2025-09-04T09:19:37+00:00\",\"dateModified\":\"2025-10-20T11:44:42+00:00\",\"breadcrumb\":{\"@id\":\"https:\\\/\\\/ederagenhelse.no\\\/ny2026\\\/da\\\/morten-isaksen-nyt-bestyrelsesmedlem-i-ederagen-helse-as\\\/#breadcrumb\"},\"inLanguage\":\"da-DK\",\"potentialAction\":[{\"@type\":\"ReadAction\",\"target\":[\"https:\\\/\\\/ederagenhelse.no\\\/ny2026\\\/da\\\/morten-isaksen-nyt-bestyrelsesmedlem-i-ederagen-helse-as\\\/\"]}]},{\"@type\":\"ImageObject\",\"inLanguage\":\"da-DK\",\"@id\":\"https:\\\/\\\/ederagenhelse.no\\\/ny2026\\\/da\\\/morten-isaksen-nyt-bestyrelsesmedlem-i-ederagen-helse-as\\\/#primaryimage\",\"url\":\"https:\\\/\\\/ederagenhelse.no\\\/ny2026\\\/wp-content\\\/uploads\\\/2025\\\/09\\\/Morten.jpeg\",\"contentUrl\":\"https:\\\/\\\/ederagenhelse.no\\\/ny2026\\\/wp-content\\\/uploads\\\/2025\\\/09\\\/Morten.jpeg\",\"width\":480,\"height\":545},{\"@type\":\"BreadcrumbList\",\"@id\":\"https:\\\/\\\/ederagenhelse.no\\\/ny2026\\\/da\\\/morten-isaksen-nyt-bestyrelsesmedlem-i-ederagen-helse-as\\\/#breadcrumb\",\"itemListElement\":[{\"@type\":\"ListItem\",\"position\":1,\"name\":\"Hjem\",\"item\":\"https:\\\/\\\/ederagenhelse.no\\\/ny2026\\\/\"},{\"@type\":\"ListItem\",\"position\":2,\"name\":\"Morten Isaksen nyt bestyrelsesmedlem i EderaGen Helse AS\"}]},{\"@type\":\"WebSite\",\"@id\":\"https:\\\/\\\/ederagenhelse.no\\\/ny2026\\\/#website\",\"url\":\"https:\\\/\\\/ederagenhelse.no\\\/ny2026\\\/\",\"name\":\"Ederagen Helse\",\"description\":\"Lidenskapelig opptatt av god helse og godt immunforsvar\",\"publisher\":{\"@id\":\"https:\\\/\\\/ederagenhelse.no\\\/ny2026\\\/#organization\"},\"potentialAction\":[{\"@type\":\"SearchAction\",\"target\":{\"@type\":\"EntryPoint\",\"urlTemplate\":\"https:\\\/\\\/ederagenhelse.no\\\/ny2026\\\/?s={search_term_string}\"},\"query-input\":{\"@type\":\"PropertyValueSpecification\",\"valueRequired\":true,\"valueName\":\"search_term_string\"}}],\"inLanguage\":\"da-DK\"},{\"@type\":\"Organization\",\"@id\":\"https:\\\/\\\/ederagenhelse.no\\\/ny2026\\\/#organization\",\"name\":\"Ederagen Helse\",\"url\":\"https:\\\/\\\/ederagenhelse.no\\\/ny2026\\\/\",\"logo\":{\"@type\":\"ImageObject\",\"inLanguage\":\"da-DK\",\"@id\":\"https:\\\/\\\/ederagenhelse.no\\\/ny2026\\\/#\\\/schema\\\/logo\\\/image\\\/\",\"url\":\"https:\\\/\\\/ederagenhelse.no\\\/ny2026\\\/wp-content\\\/uploads\\\/2024\\\/02\\\/logo-hvit-1.png\",\"contentUrl\":\"https:\\\/\\\/ederagenhelse.no\\\/ny2026\\\/wp-content\\\/uploads\\\/2024\\\/02\\\/logo-hvit-1.png\",\"width\":2560,\"height\":418,\"caption\":\"Ederagen Helse \"},\"image\":{\"@id\":\"https:\\\/\\\/ederagenhelse.no\\\/ny2026\\\/#\\\/schema\\\/logo\\\/image\\\/\"}},{\"@type\":\"Person\",\"@id\":\"https:\\\/\\\/ederagenhelse.no\\\/ny2026\\\/#\\\/schema\\\/person\\\/74757d93f8a85a1e181e605a334663fb\",\"name\":\"EderaGen AS\",\"image\":{\"@type\":\"ImageObject\",\"inLanguage\":\"da-DK\",\"@id\":\"https:\\\/\\\/secure.gravatar.com\\\/avatar\\\/ca1e76409c73cddcce1a64f77a24b5018bd9099155edc8388775e81a32f397a2?s=96&d=mm&r=g\",\"url\":\"https:\\\/\\\/secure.gravatar.com\\\/avatar\\\/ca1e76409c73cddcce1a64f77a24b5018bd9099155edc8388775e81a32f397a2?s=96&d=mm&r=g\",\"contentUrl\":\"https:\\\/\\\/secure.gravatar.com\\\/avatar\\\/ca1e76409c73cddcce1a64f77a24b5018bd9099155edc8388775e81a32f397a2?s=96&d=mm&r=g\",\"caption\":\"EderaGen AS\"},\"sameAs\":[\"https:\\\/\\\/ny.ederagenhelse.no\"],\"url\":\"https:\\\/\\\/ederagenhelse.no\\\/ny2026\\\/da\\\/author\\\/ederagen-as\\\/\"}]}<\/script>\n<!-- \/ Yoast SEO plugin. -->","yoast_head_json":{"title":"Morten Isaksen nyt bestyrelsesmedlem i EderaGen Helse AS - Ederagen Helse","robots":{"index":"noindex","follow":"follow","max-snippet":"max-snippet:-1","max-image-preview":"max-image-preview:large","max-video-preview":"max-video-preview:-1"},"og_locale":"da_DK","og_type":"article","og_title":"Morten Isaksen nyt bestyrelsesmedlem i EderaGen Helse AS - Ederagen Helse","og_description":"EderaGen Helse AS er inde i en sp\u00e6ndende udvikling, ikke mindst p\u00e5 grund af den fantastiske nyhed om et patent i USA og Japan. Det giver store muligheder og udfordringer, og vi er meget glade for at kunne meddele, at vi har styrket teamet ved at hente Morten Isaksen ind som nyt bestyrelsesmedlem i EderaGen [&hellip;]","og_url":"https:\/\/ederagenhelse.no\/ny2026\/da\/morten-isaksen-nyt-bestyrelsesmedlem-i-ederagen-helse-as\/","og_site_name":"Ederagen Helse","article_published_time":"2025-09-04T09:19:37+00:00","article_modified_time":"2025-10-20T11:44:42+00:00","og_image":[{"width":480,"height":545,"url":"https:\/\/ederagenhelse.no\/ny2026\/wp-content\/uploads\/2025\/09\/Morten.jpeg","type":"image\/jpeg"}],"author":"EderaGen AS","twitter_card":"summary_large_image","twitter_misc":{"Skrevet af":"EderaGen AS","Estimeret l\u00e6setid":"2 minutter"},"schema":{"@context":"https:\/\/schema.org","@graph":[{"@type":"Article","@id":"https:\/\/ederagenhelse.no\/ny2026\/da\/morten-isaksen-nyt-bestyrelsesmedlem-i-ederagen-helse-as\/#article","isPartOf":{"@id":"https:\/\/ederagenhelse.no\/ny2026\/da\/morten-isaksen-nyt-bestyrelsesmedlem-i-ederagen-helse-as\/"},"author":{"name":"EderaGen AS","@id":"https:\/\/ederagenhelse.no\/ny2026\/#\/schema\/person\/74757d93f8a85a1e181e605a334663fb"},"headline":"Morten Isaksen nyt bestyrelsesmedlem i EderaGen Helse AS","datePublished":"2025-09-04T09:19:37+00:00","dateModified":"2025-10-20T11:44:42+00:00","mainEntityOfPage":{"@id":"https:\/\/ederagenhelse.no\/ny2026\/da\/morten-isaksen-nyt-bestyrelsesmedlem-i-ederagen-helse-as\/"},"wordCount":322,"publisher":{"@id":"https:\/\/ederagenhelse.no\/ny2026\/#organization"},"image":{"@id":"https:\/\/ederagenhelse.no\/ny2026\/da\/morten-isaksen-nyt-bestyrelsesmedlem-i-ederagen-helse-as\/#primaryimage"},"thumbnailUrl":"https:\/\/ederagenhelse.no\/ny2026\/wp-content\/uploads\/2025\/09\/Morten.jpeg","articleSection":["Uncategorized @da"],"inLanguage":"da-DK"},{"@type":"WebPage","@id":"https:\/\/ederagenhelse.no\/ny2026\/da\/morten-isaksen-nyt-bestyrelsesmedlem-i-ederagen-helse-as\/","url":"https:\/\/ederagenhelse.no\/ny2026\/da\/morten-isaksen-nyt-bestyrelsesmedlem-i-ederagen-helse-as\/","name":"Morten Isaksen nyt bestyrelsesmedlem i EderaGen Helse AS - Ederagen Helse","isPartOf":{"@id":"https:\/\/ederagenhelse.no\/ny2026\/#website"},"primaryImageOfPage":{"@id":"https:\/\/ederagenhelse.no\/ny2026\/da\/morten-isaksen-nyt-bestyrelsesmedlem-i-ederagen-helse-as\/#primaryimage"},"image":{"@id":"https:\/\/ederagenhelse.no\/ny2026\/da\/morten-isaksen-nyt-bestyrelsesmedlem-i-ederagen-helse-as\/#primaryimage"},"thumbnailUrl":"https:\/\/ederagenhelse.no\/ny2026\/wp-content\/uploads\/2025\/09\/Morten.jpeg","datePublished":"2025-09-04T09:19:37+00:00","dateModified":"2025-10-20T11:44:42+00:00","breadcrumb":{"@id":"https:\/\/ederagenhelse.no\/ny2026\/da\/morten-isaksen-nyt-bestyrelsesmedlem-i-ederagen-helse-as\/#breadcrumb"},"inLanguage":"da-DK","potentialAction":[{"@type":"ReadAction","target":["https:\/\/ederagenhelse.no\/ny2026\/da\/morten-isaksen-nyt-bestyrelsesmedlem-i-ederagen-helse-as\/"]}]},{"@type":"ImageObject","inLanguage":"da-DK","@id":"https:\/\/ederagenhelse.no\/ny2026\/da\/morten-isaksen-nyt-bestyrelsesmedlem-i-ederagen-helse-as\/#primaryimage","url":"https:\/\/ederagenhelse.no\/ny2026\/wp-content\/uploads\/2025\/09\/Morten.jpeg","contentUrl":"https:\/\/ederagenhelse.no\/ny2026\/wp-content\/uploads\/2025\/09\/Morten.jpeg","width":480,"height":545},{"@type":"BreadcrumbList","@id":"https:\/\/ederagenhelse.no\/ny2026\/da\/morten-isaksen-nyt-bestyrelsesmedlem-i-ederagen-helse-as\/#breadcrumb","itemListElement":[{"@type":"ListItem","position":1,"name":"Hjem","item":"https:\/\/ederagenhelse.no\/ny2026\/"},{"@type":"ListItem","position":2,"name":"Morten Isaksen nyt bestyrelsesmedlem i EderaGen Helse AS"}]},{"@type":"WebSite","@id":"https:\/\/ederagenhelse.no\/ny2026\/#website","url":"https:\/\/ederagenhelse.no\/ny2026\/","name":"Ederagen Helse","description":"Lidenskapelig opptatt av god helse og godt immunforsvar","publisher":{"@id":"https:\/\/ederagenhelse.no\/ny2026\/#organization"},"potentialAction":[{"@type":"SearchAction","target":{"@type":"EntryPoint","urlTemplate":"https:\/\/ederagenhelse.no\/ny2026\/?s={search_term_string}"},"query-input":{"@type":"PropertyValueSpecification","valueRequired":true,"valueName":"search_term_string"}}],"inLanguage":"da-DK"},{"@type":"Organization","@id":"https:\/\/ederagenhelse.no\/ny2026\/#organization","name":"Ederagen Helse","url":"https:\/\/ederagenhelse.no\/ny2026\/","logo":{"@type":"ImageObject","inLanguage":"da-DK","@id":"https:\/\/ederagenhelse.no\/ny2026\/#\/schema\/logo\/image\/","url":"https:\/\/ederagenhelse.no\/ny2026\/wp-content\/uploads\/2024\/02\/logo-hvit-1.png","contentUrl":"https:\/\/ederagenhelse.no\/ny2026\/wp-content\/uploads\/2024\/02\/logo-hvit-1.png","width":2560,"height":418,"caption":"Ederagen Helse "},"image":{"@id":"https:\/\/ederagenhelse.no\/ny2026\/#\/schema\/logo\/image\/"}},{"@type":"Person","@id":"https:\/\/ederagenhelse.no\/ny2026\/#\/schema\/person\/74757d93f8a85a1e181e605a334663fb","name":"EderaGen AS","image":{"@type":"ImageObject","inLanguage":"da-DK","@id":"https:\/\/secure.gravatar.com\/avatar\/ca1e76409c73cddcce1a64f77a24b5018bd9099155edc8388775e81a32f397a2?s=96&d=mm&r=g","url":"https:\/\/secure.gravatar.com\/avatar\/ca1e76409c73cddcce1a64f77a24b5018bd9099155edc8388775e81a32f397a2?s=96&d=mm&r=g","contentUrl":"https:\/\/secure.gravatar.com\/avatar\/ca1e76409c73cddcce1a64f77a24b5018bd9099155edc8388775e81a32f397a2?s=96&d=mm&r=g","caption":"EderaGen AS"},"sameAs":["https:\/\/ny.ederagenhelse.no"],"url":"https:\/\/ederagenhelse.no\/ny2026\/da\/author\/ederagen-as\/"}]}},"_links":{"self":[{"href":"https:\/\/ederagenhelse.no\/ny2026\/da\/wp-json\/wp\/v2\/posts\/19025","targetHints":{"allow":["GET"]}}],"collection":[{"href":"https:\/\/ederagenhelse.no\/ny2026\/da\/wp-json\/wp\/v2\/posts"}],"about":[{"href":"https:\/\/ederagenhelse.no\/ny2026\/da\/wp-json\/wp\/v2\/types\/post"}],"author":[{"embeddable":true,"href":"https:\/\/ederagenhelse.no\/ny2026\/da\/wp-json\/wp\/v2\/users\/1"}],"replies":[{"embeddable":true,"href":"https:\/\/ederagenhelse.no\/ny2026\/da\/wp-json\/wp\/v2\/comments?post=19025"}],"version-history":[{"count":2,"href":"https:\/\/ederagenhelse.no\/ny2026\/da\/wp-json\/wp\/v2\/posts\/19025\/revisions"}],"predecessor-version":[{"id":19031,"href":"https:\/\/ederagenhelse.no\/ny2026\/da\/wp-json\/wp\/v2\/posts\/19025\/revisions\/19031"}],"wp:featuredmedia":[{"embeddable":true,"href":"https:\/\/ederagenhelse.no\/ny2026\/da\/wp-json\/wp\/v2\/media\/19021"}],"wp:attachment":[{"href":"https:\/\/ederagenhelse.no\/ny2026\/da\/wp-json\/wp\/v2\/media?parent=19025"}],"wp:term":[{"taxonomy":"category","embeddable":true,"href":"https:\/\/ederagenhelse.no\/ny2026\/da\/wp-json\/wp\/v2\/categories?post=19025"},{"taxonomy":"post_tag","embeddable":true,"href":"https:\/\/ederagenhelse.no\/ny2026\/da\/wp-json\/wp\/v2\/tags?post=19025"}],"curies":[{"name":"wp","href":"https:\/\/api.w.org\/{rel}","templated":true}]}}