{"id":18578,"date":"2025-08-18T14:08:12","date_gmt":"2025-08-18T14:08:12","guid":{"rendered":"https:\/\/ederagenhelse.no\/ny2026\/jan-raa-om-tarmflora-og-paradigmeskift\/"},"modified":"2025-08-18T14:08:32","modified_gmt":"2025-08-18T14:08:32","slug":"jan-raa-om-tarmflora-og-paradigmeskift","status":"publish","type":"post","link":"https:\/\/ederagenhelse.no\/ny2026\/da\/jan-raa-om-tarmflora-og-paradigmeskift\/","title":{"rendered":"Jan Raa om tarmflora og paradigmeskift"},"content":{"rendered":"\n<p>Mens de fleste nordm\u00e6nd har holdt ferie og akkumuleret overskud forud for efter\u00e5ret og vinteren, har vores pensionerede formand Jan Raa ikke hvilet p\u00e5 laurb\u00e6rrene. Som den popul\u00e6re interviewperson, han er, \u00f8ser han igen ud af sin viden og erfaring i podcasten <strong><a href=\"https:\/\/open.spotify.com\/episode\/4KrggVgwg49Dlzl5L7bt8p\">Mad &amp; adf\u00e6rd wonder pod<\/a><\/strong>. Denne gang er han optaget af, hvorfor vi har brug for en grundl\u00e6ggende \u00e6ndring af medicinen, s\u00e5 vi arbejder med vores bakterier, ikke imod dem.  <br\/><br\/>Kort sagt er mikrober vores venner og vigtige for at holde os sunde. Raa kaster lys over vigtige iltf\u00f8lsomme bakterier &#8220;med smarte navne&#8221;, som sp\u00e6db\u00f8rn, b\u00f8rn og voksne skal passe p\u00e5. <br\/><br\/>Det er is\u00e6r vigtigt for babyer, som har modtaget mikrober fra deres m\u00f8dre ved f\u00f8dslen. Raa minder os om, at moderm\u00e6lken ikke kun giver n\u00e6ring til barnet, men ogs\u00e5 til disse mikrober, som det er vigtigt at passe p\u00e5. Ogs\u00e5 hos voksne er den mad, vi spiser, mad til b\u00e5de os og vores mikrober, og med vores moderne kost er det desv\u00e6rre de gavnlige mikrober, der bliver f\u00e6rre af eller helt forsvinder.  <br\/><br\/>Raa forklarer, at det er de samme bakterier, som g\u00e5r tabt hos kr\u00e6ftpatienter, der reagerer d\u00e5rligt p\u00e5 konventionel kr\u00e6ftbehandling og immunterapi, og sp\u00f8rger, om der er en f\u00e6llesn\u00e6vner, da forholdet mellem kost og mental sundhed, depression, astma, allergi og meget andet i stigende grad er i s\u00f8gelyset. Men i den lidt over en time lange episode af programmet d\u00e6kker han ogs\u00e5 mange andre emner &#8211; fra kinesiske forskere til f\u00e6cestransplantationer og meget mere. Lyt til podcasten p\u00e5 Spotify <a href=\"https:\/\/open.spotify.com\/episode\/4KrggVgwg49Dlzl5L7bt8p\"><strong>her<\/strong><\/a>.  <\/p>\n\n<p><\/p>\n","protected":false},"excerpt":{"rendered":"<p>Mens de fleste nordm\u00e6nd har holdt ferie og akkumuleret overskud forud for efter\u00e5ret og vinteren, har vores pensionerede formand Jan Raa ikke hvilet p\u00e5 laurb\u00e6rrene. Som den popul\u00e6re interviewperson, han er, \u00f8ser han igen ud af sin viden og erfaring i podcasten Mad &amp; adf\u00e6rd wonder pod. Denne gang er han optaget af, hvorfor vi [&hellip;]<\/p>\n","protected":false},"author":1,"featured_media":18567,"comment_status":"closed","ping_status":"closed","sticky":false,"template":"","format":"standard","meta":{"footnotes":""},"categories":[29],"tags":[],"class_list":["post-18578","post","type-post","status-publish","format-standard","has-post-thumbnail","hentry","category-uncategorized-da"],"yoast_head":"<!-- This site is optimized with the Yoast SEO plugin v27.4 - https:\/\/yoast.com\/product\/yoast-seo-wordpress\/ -->\n<title>Jan Raa om tarmflora og paradigmeskift - Ederagen Helse<\/title>\n<meta name=\"robots\" content=\"noindex, follow, max-snippet:-1, max-image-preview:large, max-video-preview:-1\" \/>\n<meta property=\"og:locale\" content=\"da_DK\" \/>\n<meta property=\"og:type\" content=\"article\" \/>\n<meta property=\"og:title\" content=\"Jan Raa om tarmflora og paradigmeskift - Ederagen Helse\" \/>\n<meta property=\"og:description\" content=\"Mens de fleste nordm\u00e6nd har holdt ferie og akkumuleret overskud forud for efter\u00e5ret og vinteren, har vores pensionerede formand Jan Raa ikke hvilet p\u00e5 laurb\u00e6rrene. Som den popul\u00e6re interviewperson, han er, \u00f8ser han igen ud af sin viden og erfaring i podcasten Mad &amp; adf\u00e6rd wonder pod. Denne gang er han optaget af, hvorfor vi [&hellip;]\" \/>\n<meta property=\"og:url\" content=\"https:\/\/ederagenhelse.no\/ny2026\/da\/jan-raa-om-tarmflora-og-paradigmeskift\/\" \/>\n<meta property=\"og:site_name\" content=\"Ederagen Helse\" \/>\n<meta property=\"article:published_time\" content=\"2025-08-18T14:08:12+00:00\" \/>\n<meta property=\"article:modified_time\" content=\"2025-08-18T14:08:32+00:00\" \/>\n<meta property=\"og:image\" content=\"https:\/\/ederagenhelse.no\/ny2026\/wp-content\/uploads\/2025\/08\/shutterstock_2465050755-scaled.jpg\" \/>\n\t<meta property=\"og:image:width\" content=\"2560\" \/>\n\t<meta property=\"og:image:height\" content=\"1869\" \/>\n\t<meta property=\"og:image:type\" content=\"image\/jpeg\" \/>\n<meta name=\"author\" content=\"EderaGen AS\" \/>\n<meta name=\"twitter:card\" content=\"summary_large_image\" \/>\n<meta name=\"twitter:label1\" content=\"Skrevet af\" \/>\n\t<meta name=\"twitter:data1\" content=\"EderaGen AS\" \/>\n\t<meta name=\"twitter:label2\" content=\"Estimeret l\u00e6setid\" \/>\n\t<meta name=\"twitter:data2\" content=\"1 minut\" \/>\n<script type=\"application\/ld+json\" class=\"yoast-schema-graph\">{\"@context\":\"https:\\\/\\\/schema.org\",\"@graph\":[{\"@type\":\"Article\",\"@id\":\"https:\\\/\\\/ederagenhelse.no\\\/ny2026\\\/da\\\/jan-raa-om-tarmflora-og-paradigmeskift\\\/#article\",\"isPartOf\":{\"@id\":\"https:\\\/\\\/ederagenhelse.no\\\/ny2026\\\/da\\\/jan-raa-om-tarmflora-og-paradigmeskift\\\/\"},\"author\":{\"name\":\"EderaGen AS\",\"@id\":\"https:\\\/\\\/ederagenhelse.no\\\/ny2026\\\/#\\\/schema\\\/person\\\/74757d93f8a85a1e181e605a334663fb\"},\"headline\":\"Jan Raa om tarmflora og paradigmeskift\",\"datePublished\":\"2025-08-18T14:08:12+00:00\",\"dateModified\":\"2025-08-18T14:08:32+00:00\",\"mainEntityOfPage\":{\"@id\":\"https:\\\/\\\/ederagenhelse.no\\\/ny2026\\\/da\\\/jan-raa-om-tarmflora-og-paradigmeskift\\\/\"},\"wordCount\":288,\"publisher\":{\"@id\":\"https:\\\/\\\/ederagenhelse.no\\\/ny2026\\\/#organization\"},\"image\":{\"@id\":\"https:\\\/\\\/ederagenhelse.no\\\/ny2026\\\/da\\\/jan-raa-om-tarmflora-og-paradigmeskift\\\/#primaryimage\"},\"thumbnailUrl\":\"https:\\\/\\\/ederagenhelse.no\\\/ny2026\\\/wp-content\\\/uploads\\\/2025\\\/08\\\/shutterstock_2465050755-scaled.jpg\",\"articleSection\":[\"Uncategorized @da\"],\"inLanguage\":\"da-DK\"},{\"@type\":\"WebPage\",\"@id\":\"https:\\\/\\\/ederagenhelse.no\\\/ny2026\\\/da\\\/jan-raa-om-tarmflora-og-paradigmeskift\\\/\",\"url\":\"https:\\\/\\\/ederagenhelse.no\\\/ny2026\\\/da\\\/jan-raa-om-tarmflora-og-paradigmeskift\\\/\",\"name\":\"Jan Raa om tarmflora og paradigmeskift - Ederagen Helse\",\"isPartOf\":{\"@id\":\"https:\\\/\\\/ederagenhelse.no\\\/ny2026\\\/#website\"},\"primaryImageOfPage\":{\"@id\":\"https:\\\/\\\/ederagenhelse.no\\\/ny2026\\\/da\\\/jan-raa-om-tarmflora-og-paradigmeskift\\\/#primaryimage\"},\"image\":{\"@id\":\"https:\\\/\\\/ederagenhelse.no\\\/ny2026\\\/da\\\/jan-raa-om-tarmflora-og-paradigmeskift\\\/#primaryimage\"},\"thumbnailUrl\":\"https:\\\/\\\/ederagenhelse.no\\\/ny2026\\\/wp-content\\\/uploads\\\/2025\\\/08\\\/shutterstock_2465050755-scaled.jpg\",\"datePublished\":\"2025-08-18T14:08:12+00:00\",\"dateModified\":\"2025-08-18T14:08:32+00:00\",\"breadcrumb\":{\"@id\":\"https:\\\/\\\/ederagenhelse.no\\\/ny2026\\\/da\\\/jan-raa-om-tarmflora-og-paradigmeskift\\\/#breadcrumb\"},\"inLanguage\":\"da-DK\",\"potentialAction\":[{\"@type\":\"ReadAction\",\"target\":[\"https:\\\/\\\/ederagenhelse.no\\\/ny2026\\\/da\\\/jan-raa-om-tarmflora-og-paradigmeskift\\\/\"]}]},{\"@type\":\"ImageObject\",\"inLanguage\":\"da-DK\",\"@id\":\"https:\\\/\\\/ederagenhelse.no\\\/ny2026\\\/da\\\/jan-raa-om-tarmflora-og-paradigmeskift\\\/#primaryimage\",\"url\":\"https:\\\/\\\/ederagenhelse.no\\\/ny2026\\\/wp-content\\\/uploads\\\/2025\\\/08\\\/shutterstock_2465050755-scaled.jpg\",\"contentUrl\":\"https:\\\/\\\/ederagenhelse.no\\\/ny2026\\\/wp-content\\\/uploads\\\/2025\\\/08\\\/shutterstock_2465050755-scaled.jpg\",\"width\":2560,\"height\":1869,\"caption\":\"2465050755\"},{\"@type\":\"BreadcrumbList\",\"@id\":\"https:\\\/\\\/ederagenhelse.no\\\/ny2026\\\/da\\\/jan-raa-om-tarmflora-og-paradigmeskift\\\/#breadcrumb\",\"itemListElement\":[{\"@type\":\"ListItem\",\"position\":1,\"name\":\"Hjem\",\"item\":\"https:\\\/\\\/ederagenhelse.no\\\/ny2026\\\/\"},{\"@type\":\"ListItem\",\"position\":2,\"name\":\"Jan Raa om tarmflora og paradigmeskift\"}]},{\"@type\":\"WebSite\",\"@id\":\"https:\\\/\\\/ederagenhelse.no\\\/ny2026\\\/#website\",\"url\":\"https:\\\/\\\/ederagenhelse.no\\\/ny2026\\\/\",\"name\":\"Ederagen Helse\",\"description\":\"Lidenskapelig opptatt av god helse og godt immunforsvar\",\"publisher\":{\"@id\":\"https:\\\/\\\/ederagenhelse.no\\\/ny2026\\\/#organization\"},\"potentialAction\":[{\"@type\":\"SearchAction\",\"target\":{\"@type\":\"EntryPoint\",\"urlTemplate\":\"https:\\\/\\\/ederagenhelse.no\\\/ny2026\\\/?s={search_term_string}\"},\"query-input\":{\"@type\":\"PropertyValueSpecification\",\"valueRequired\":true,\"valueName\":\"search_term_string\"}}],\"inLanguage\":\"da-DK\"},{\"@type\":\"Organization\",\"@id\":\"https:\\\/\\\/ederagenhelse.no\\\/ny2026\\\/#organization\",\"name\":\"Ederagen Helse\",\"url\":\"https:\\\/\\\/ederagenhelse.no\\\/ny2026\\\/\",\"logo\":{\"@type\":\"ImageObject\",\"inLanguage\":\"da-DK\",\"@id\":\"https:\\\/\\\/ederagenhelse.no\\\/ny2026\\\/#\\\/schema\\\/logo\\\/image\\\/\",\"url\":\"https:\\\/\\\/ederagenhelse.no\\\/ny2026\\\/wp-content\\\/uploads\\\/2024\\\/02\\\/logo-hvit-1.png\",\"contentUrl\":\"https:\\\/\\\/ederagenhelse.no\\\/ny2026\\\/wp-content\\\/uploads\\\/2024\\\/02\\\/logo-hvit-1.png\",\"width\":2560,\"height\":418,\"caption\":\"Ederagen Helse \"},\"image\":{\"@id\":\"https:\\\/\\\/ederagenhelse.no\\\/ny2026\\\/#\\\/schema\\\/logo\\\/image\\\/\"}},{\"@type\":\"Person\",\"@id\":\"https:\\\/\\\/ederagenhelse.no\\\/ny2026\\\/#\\\/schema\\\/person\\\/74757d93f8a85a1e181e605a334663fb\",\"name\":\"EderaGen AS\",\"image\":{\"@type\":\"ImageObject\",\"inLanguage\":\"da-DK\",\"@id\":\"https:\\\/\\\/secure.gravatar.com\\\/avatar\\\/ca1e76409c73cddcce1a64f77a24b5018bd9099155edc8388775e81a32f397a2?s=96&d=mm&r=g\",\"url\":\"https:\\\/\\\/secure.gravatar.com\\\/avatar\\\/ca1e76409c73cddcce1a64f77a24b5018bd9099155edc8388775e81a32f397a2?s=96&d=mm&r=g\",\"contentUrl\":\"https:\\\/\\\/secure.gravatar.com\\\/avatar\\\/ca1e76409c73cddcce1a64f77a24b5018bd9099155edc8388775e81a32f397a2?s=96&d=mm&r=g\",\"caption\":\"EderaGen AS\"},\"sameAs\":[\"https:\\\/\\\/ny.ederagenhelse.no\"],\"url\":\"https:\\\/\\\/ederagenhelse.no\\\/ny2026\\\/da\\\/author\\\/ederagen-as\\\/\"}]}<\/script>\n<!-- \/ Yoast SEO plugin. -->","yoast_head_json":{"title":"Jan Raa om tarmflora og paradigmeskift - Ederagen Helse","robots":{"index":"noindex","follow":"follow","max-snippet":"max-snippet:-1","max-image-preview":"max-image-preview:large","max-video-preview":"max-video-preview:-1"},"og_locale":"da_DK","og_type":"article","og_title":"Jan Raa om tarmflora og paradigmeskift - Ederagen Helse","og_description":"Mens de fleste nordm\u00e6nd har holdt ferie og akkumuleret overskud forud for efter\u00e5ret og vinteren, har vores pensionerede formand Jan Raa ikke hvilet p\u00e5 laurb\u00e6rrene. Som den popul\u00e6re interviewperson, han er, \u00f8ser han igen ud af sin viden og erfaring i podcasten Mad &amp; adf\u00e6rd wonder pod. Denne gang er han optaget af, hvorfor vi [&hellip;]","og_url":"https:\/\/ederagenhelse.no\/ny2026\/da\/jan-raa-om-tarmflora-og-paradigmeskift\/","og_site_name":"Ederagen Helse","article_published_time":"2025-08-18T14:08:12+00:00","article_modified_time":"2025-08-18T14:08:32+00:00","og_image":[{"width":2560,"height":1869,"url":"https:\/\/ederagenhelse.no\/ny2026\/wp-content\/uploads\/2025\/08\/shutterstock_2465050755-scaled.jpg","type":"image\/jpeg"}],"author":"EderaGen AS","twitter_card":"summary_large_image","twitter_misc":{"Skrevet af":"EderaGen AS","Estimeret l\u00e6setid":"1 minut"},"schema":{"@context":"https:\/\/schema.org","@graph":[{"@type":"Article","@id":"https:\/\/ederagenhelse.no\/ny2026\/da\/jan-raa-om-tarmflora-og-paradigmeskift\/#article","isPartOf":{"@id":"https:\/\/ederagenhelse.no\/ny2026\/da\/jan-raa-om-tarmflora-og-paradigmeskift\/"},"author":{"name":"EderaGen AS","@id":"https:\/\/ederagenhelse.no\/ny2026\/#\/schema\/person\/74757d93f8a85a1e181e605a334663fb"},"headline":"Jan Raa om tarmflora og paradigmeskift","datePublished":"2025-08-18T14:08:12+00:00","dateModified":"2025-08-18T14:08:32+00:00","mainEntityOfPage":{"@id":"https:\/\/ederagenhelse.no\/ny2026\/da\/jan-raa-om-tarmflora-og-paradigmeskift\/"},"wordCount":288,"publisher":{"@id":"https:\/\/ederagenhelse.no\/ny2026\/#organization"},"image":{"@id":"https:\/\/ederagenhelse.no\/ny2026\/da\/jan-raa-om-tarmflora-og-paradigmeskift\/#primaryimage"},"thumbnailUrl":"https:\/\/ederagenhelse.no\/ny2026\/wp-content\/uploads\/2025\/08\/shutterstock_2465050755-scaled.jpg","articleSection":["Uncategorized @da"],"inLanguage":"da-DK"},{"@type":"WebPage","@id":"https:\/\/ederagenhelse.no\/ny2026\/da\/jan-raa-om-tarmflora-og-paradigmeskift\/","url":"https:\/\/ederagenhelse.no\/ny2026\/da\/jan-raa-om-tarmflora-og-paradigmeskift\/","name":"Jan Raa om tarmflora og paradigmeskift - Ederagen Helse","isPartOf":{"@id":"https:\/\/ederagenhelse.no\/ny2026\/#website"},"primaryImageOfPage":{"@id":"https:\/\/ederagenhelse.no\/ny2026\/da\/jan-raa-om-tarmflora-og-paradigmeskift\/#primaryimage"},"image":{"@id":"https:\/\/ederagenhelse.no\/ny2026\/da\/jan-raa-om-tarmflora-og-paradigmeskift\/#primaryimage"},"thumbnailUrl":"https:\/\/ederagenhelse.no\/ny2026\/wp-content\/uploads\/2025\/08\/shutterstock_2465050755-scaled.jpg","datePublished":"2025-08-18T14:08:12+00:00","dateModified":"2025-08-18T14:08:32+00:00","breadcrumb":{"@id":"https:\/\/ederagenhelse.no\/ny2026\/da\/jan-raa-om-tarmflora-og-paradigmeskift\/#breadcrumb"},"inLanguage":"da-DK","potentialAction":[{"@type":"ReadAction","target":["https:\/\/ederagenhelse.no\/ny2026\/da\/jan-raa-om-tarmflora-og-paradigmeskift\/"]}]},{"@type":"ImageObject","inLanguage":"da-DK","@id":"https:\/\/ederagenhelse.no\/ny2026\/da\/jan-raa-om-tarmflora-og-paradigmeskift\/#primaryimage","url":"https:\/\/ederagenhelse.no\/ny2026\/wp-content\/uploads\/2025\/08\/shutterstock_2465050755-scaled.jpg","contentUrl":"https:\/\/ederagenhelse.no\/ny2026\/wp-content\/uploads\/2025\/08\/shutterstock_2465050755-scaled.jpg","width":2560,"height":1869,"caption":"2465050755"},{"@type":"BreadcrumbList","@id":"https:\/\/ederagenhelse.no\/ny2026\/da\/jan-raa-om-tarmflora-og-paradigmeskift\/#breadcrumb","itemListElement":[{"@type":"ListItem","position":1,"name":"Hjem","item":"https:\/\/ederagenhelse.no\/ny2026\/"},{"@type":"ListItem","position":2,"name":"Jan Raa om tarmflora og paradigmeskift"}]},{"@type":"WebSite","@id":"https:\/\/ederagenhelse.no\/ny2026\/#website","url":"https:\/\/ederagenhelse.no\/ny2026\/","name":"Ederagen Helse","description":"Lidenskapelig opptatt av god helse og godt immunforsvar","publisher":{"@id":"https:\/\/ederagenhelse.no\/ny2026\/#organization"},"potentialAction":[{"@type":"SearchAction","target":{"@type":"EntryPoint","urlTemplate":"https:\/\/ederagenhelse.no\/ny2026\/?s={search_term_string}"},"query-input":{"@type":"PropertyValueSpecification","valueRequired":true,"valueName":"search_term_string"}}],"inLanguage":"da-DK"},{"@type":"Organization","@id":"https:\/\/ederagenhelse.no\/ny2026\/#organization","name":"Ederagen Helse","url":"https:\/\/ederagenhelse.no\/ny2026\/","logo":{"@type":"ImageObject","inLanguage":"da-DK","@id":"https:\/\/ederagenhelse.no\/ny2026\/#\/schema\/logo\/image\/","url":"https:\/\/ederagenhelse.no\/ny2026\/wp-content\/uploads\/2024\/02\/logo-hvit-1.png","contentUrl":"https:\/\/ederagenhelse.no\/ny2026\/wp-content\/uploads\/2024\/02\/logo-hvit-1.png","width":2560,"height":418,"caption":"Ederagen Helse "},"image":{"@id":"https:\/\/ederagenhelse.no\/ny2026\/#\/schema\/logo\/image\/"}},{"@type":"Person","@id":"https:\/\/ederagenhelse.no\/ny2026\/#\/schema\/person\/74757d93f8a85a1e181e605a334663fb","name":"EderaGen AS","image":{"@type":"ImageObject","inLanguage":"da-DK","@id":"https:\/\/secure.gravatar.com\/avatar\/ca1e76409c73cddcce1a64f77a24b5018bd9099155edc8388775e81a32f397a2?s=96&d=mm&r=g","url":"https:\/\/secure.gravatar.com\/avatar\/ca1e76409c73cddcce1a64f77a24b5018bd9099155edc8388775e81a32f397a2?s=96&d=mm&r=g","contentUrl":"https:\/\/secure.gravatar.com\/avatar\/ca1e76409c73cddcce1a64f77a24b5018bd9099155edc8388775e81a32f397a2?s=96&d=mm&r=g","caption":"EderaGen AS"},"sameAs":["https:\/\/ny.ederagenhelse.no"],"url":"https:\/\/ederagenhelse.no\/ny2026\/da\/author\/ederagen-as\/"}]}},"_links":{"self":[{"href":"https:\/\/ederagenhelse.no\/ny2026\/da\/wp-json\/wp\/v2\/posts\/18578","targetHints":{"allow":["GET"]}}],"collection":[{"href":"https:\/\/ederagenhelse.no\/ny2026\/da\/wp-json\/wp\/v2\/posts"}],"about":[{"href":"https:\/\/ederagenhelse.no\/ny2026\/da\/wp-json\/wp\/v2\/types\/post"}],"author":[{"embeddable":true,"href":"https:\/\/ederagenhelse.no\/ny2026\/da\/wp-json\/wp\/v2\/users\/1"}],"replies":[{"embeddable":true,"href":"https:\/\/ederagenhelse.no\/ny2026\/da\/wp-json\/wp\/v2\/comments?post=18578"}],"version-history":[{"count":1,"href":"https:\/\/ederagenhelse.no\/ny2026\/da\/wp-json\/wp\/v2\/posts\/18578\/revisions"}],"predecessor-version":[{"id":18579,"href":"https:\/\/ederagenhelse.no\/ny2026\/da\/wp-json\/wp\/v2\/posts\/18578\/revisions\/18579"}],"wp:featuredmedia":[{"embeddable":true,"href":"https:\/\/ederagenhelse.no\/ny2026\/da\/wp-json\/wp\/v2\/media\/18567"}],"wp:attachment":[{"href":"https:\/\/ederagenhelse.no\/ny2026\/da\/wp-json\/wp\/v2\/media?parent=18578"}],"wp:term":[{"taxonomy":"category","embeddable":true,"href":"https:\/\/ederagenhelse.no\/ny2026\/da\/wp-json\/wp\/v2\/categories?post=18578"},{"taxonomy":"post_tag","embeddable":true,"href":"https:\/\/ederagenhelse.no\/ny2026\/da\/wp-json\/wp\/v2\/tags?post=18578"}],"curies":[{"name":"wp","href":"https:\/\/api.w.org\/{rel}","templated":true}]}}